{"id":30393,"date":"2023-07-27T19:32:53","date_gmt":"2023-07-27T19:32:53","guid":{"rendered":"http:\/\/lahora.mx\/?p=30393"},"modified":"2023-07-27T19:32:54","modified_gmt":"2023-07-27T19:32:54","slug":"gobierno-de-puebla-reestructura-deuda-estatal-con-bancos","status":"publish","type":"post","link":"https:\/\/lahora.mx\/index.php\/2023\/07\/27\/gobierno-de-puebla-reestructura-deuda-estatal-con-bancos\/","title":{"rendered":"Gobierno de Puebla reestructura deuda estatal con bancos\u202f"},"content":{"rendered":"\n<p>El gobernador de Puebla, Sergio Salom\u00f3n C\u00e9spedes Peregrina, revel\u00f3 que como parte de la modificaci\u00f3n del Plan Estatal de Desarrollo, se logr\u00f3 reconfigurar el destino de recursos para el pago de adeudos.\u202f<\/p>\n\n\n\n<p>En rueda de prensa explic\u00f3 que la reestructura financiera se enfoca en la tasa de dos cr\u00e9ditos que tendr\u00e1n un impacto de 71 millones de pesos, de los cuales ya se firmaron los convenios.<\/p>\n\n\n\n<p>El titular del Ejecutivo estatal explic\u00f3 que tambi\u00e9n se acord\u00f3 esta modificaci\u00f3n con BBVA y se est\u00e1 revisando la firma de un segundo convenio con otra banca financiera con la que el gobierno tiene deuda.<br>En otro tema, indic\u00f3 que el 8 de septiembre, el gobierno del estado presentar\u00e1 el proyecto de Presupuesto de Egresos 2024 ante el Congreso del Estado porque en los pr\u00f3ximos meses llegar\u00e1 el reporte de la proyecci\u00f3n de ingreso que tendr\u00e1 la administraci\u00f3n y as\u00ed podr\u00eda comenzar el dise\u00f1o del paquete fiscal.<\/p>\n\n\n\n<p>El gobernador C\u00e9spedes refiri\u00f3 que el proyecto deber\u00e1 aprobarse antes de que concluya noviembre y as\u00ed se le pueda destinar una bolsa a cada dependencia de la administraci\u00f3n.<\/p>\n","protected":false},"excerpt":{"rendered":"<p>El gobernador de Puebla, Sergio Salom\u00f3n C\u00e9spedes Peregrina, revel\u00f3 que como parte de la modificaci\u00f3n del Plan Estatal de Desarrollo, se logr\u00f3 reconfigurar el destino de recursos para el pago de adeudos.\u202f En rueda de prensa explic\u00f3 que la reestructura financiera se enfoca en la tasa de dos cr\u00e9ditos que tendr\u00e1n un impacto de 71 [&hellip;]<\/p>\n","protected":false},"author":4,"featured_media":30394,"comment_status":"open","ping_status":"open","sticky":false,"template":"","format":"standard","meta":{"om_disable_all_campaigns":false,"_monsterinsights_skip_tracking":false,"_monsterinsights_sitenote_active":false,"_monsterinsights_sitenote_note":"","_monsterinsights_sitenote_category":0,"footnotes":""},"categories":[175],"tags":[223],"class_list":["post-30393","post","type-post","status-publish","format-standard","has-post-thumbnail","hentry","category-local","tag-puebla"],"amp_enabled":true,"_links":{"self":[{"href":"https:\/\/lahora.mx\/index.php\/wp-json\/wp\/v2\/posts\/30393","targetHints":{"allow":["GET"]}}],"collection":[{"href":"https:\/\/lahora.mx\/index.php\/wp-json\/wp\/v2\/posts"}],"about":[{"href":"https:\/\/lahora.mx\/index.php\/wp-json\/wp\/v2\/types\/post"}],"author":[{"embeddable":true,"href":"https:\/\/lahora.mx\/index.php\/wp-json\/wp\/v2\/users\/4"}],"replies":[{"embeddable":true,"href":"https:\/\/lahora.mx\/index.php\/wp-json\/wp\/v2\/comments?post=30393"}],"version-history":[{"count":1,"href":"https:\/\/lahora.mx\/index.php\/wp-json\/wp\/v2\/posts\/30393\/revisions"}],"predecessor-version":[{"id":30395,"href":"https:\/\/lahora.mx\/index.php\/wp-json\/wp\/v2\/posts\/30393\/revisions\/30395"}],"wp:featuredmedia":[{"embeddable":true,"href":"https:\/\/lahora.mx\/index.php\/wp-json\/wp\/v2\/media\/30394"}],"wp:attachment":[{"href":"https:\/\/lahora.mx\/index.php\/wp-json\/wp\/v2\/media?parent=30393"}],"wp:term":[{"taxonomy":"category","embeddable":true,"href":"https:\/\/lahora.mx\/index.php\/wp-json\/wp\/v2\/categories?post=30393"},{"taxonomy":"post_tag","embeddable":true,"href":"https:\/\/lahora.mx\/index.php\/wp-json\/wp\/v2\/tags?post=30393"}],"curies":[{"name":"wp","href":"https:\/\/api.w.org\/{rel}","templated":true}]}}