{"id":30360,"date":"2023-07-26T21:19:53","date_gmt":"2023-07-26T21:19:53","guid":{"rendered":"http:\/\/lahora.mx\/?p=30360"},"modified":"2023-07-26T21:19:55","modified_gmt":"2023-07-26T21:19:55","slug":"atiende-proteccion-civil-de-huamantla-a-hombre-que-sufrio-descarga-electrica-en-su-domicilio","status":"publish","type":"post","link":"https:\/\/lahora.mx\/index.php\/2023\/07\/26\/atiende-proteccion-civil-de-huamantla-a-hombre-que-sufrio-descarga-electrica-en-su-domicilio\/","title":{"rendered":"Atiende protecci\u00f3n civil de Huamantla a hombre que sufri\u00f3 descarga el\u00e9ctrica en su domicilio"},"content":{"rendered":"\n<p>Elementos de la Direcci\u00f3n de Seguridad P\u00fablica, Tr\u00e1nsito y Protecci\u00f3n Civil de Huamantla, atendieron este d\u00eda un reporte sobre una persona que se encontraba inconsciente -al parecer porque hab\u00eda sufrido una descarga el\u00e9ctrica- en la azotea de su hogar ubicado en el barrio de Santa Anita.<\/p>\n\n\n\n<p>Al arribar al domicilio, los uniformados constataron que el masculino ya no presentaba signos vitales; de acuerdo a los primeros reportes, la persona fallecida respond\u00eda al nombre de M\u00e1ximo N., de 24 a\u00f1os de edad.<\/p>\n\n\n\n<p>En el lugar, los elementos se entrevistaron con familiares del hoy occiso, quienes mencionaron que el joven se encontraba manipulando una escalera en la azotea, a la altura de los cables de electricidad, lo que probablemente fue el motivo de la descarga el\u00e9ctrica.<\/p>\n\n\n\n<p>Ante estos hechos, elementos de seguridad p\u00fablica municipal acordonaron la zona en espera de la llegada de la autoridad correspondiente para realizar el levantamiento del cuerpo y las diligencias pertinentes.<\/p>\n","protected":false},"excerpt":{"rendered":"<p>Elementos de la Direcci\u00f3n de Seguridad P\u00fablica, Tr\u00e1nsito y Protecci\u00f3n Civil de Huamantla, atendieron este d\u00eda un reporte sobre una persona que se encontraba inconsciente -al parecer porque hab\u00eda sufrido una descarga el\u00e9ctrica- en la azotea de su hogar ubicado en el barrio de Santa Anita. Al arribar al domicilio, los uniformados constataron que el [&hellip;]<\/p>\n","protected":false},"author":4,"featured_media":30361,"comment_status":"open","ping_status":"open","sticky":false,"template":"","format":"standard","meta":{"om_disable_all_campaigns":false,"_monsterinsights_skip_tracking":false,"_monsterinsights_sitenote_active":false,"_monsterinsights_sitenote_note":"","_monsterinsights_sitenote_category":0,"footnotes":""},"categories":[175,226],"tags":[223],"class_list":["post-30360","post","type-post","status-publish","format-standard","has-post-thumbnail","hentry","category-local","category-policia","tag-puebla"],"amp_enabled":true,"_links":{"self":[{"href":"https:\/\/lahora.mx\/index.php\/wp-json\/wp\/v2\/posts\/30360","targetHints":{"allow":["GET"]}}],"collection":[{"href":"https:\/\/lahora.mx\/index.php\/wp-json\/wp\/v2\/posts"}],"about":[{"href":"https:\/\/lahora.mx\/index.php\/wp-json\/wp\/v2\/types\/post"}],"author":[{"embeddable":true,"href":"https:\/\/lahora.mx\/index.php\/wp-json\/wp\/v2\/users\/4"}],"replies":[{"embeddable":true,"href":"https:\/\/lahora.mx\/index.php\/wp-json\/wp\/v2\/comments?post=30360"}],"version-history":[{"count":1,"href":"https:\/\/lahora.mx\/index.php\/wp-json\/wp\/v2\/posts\/30360\/revisions"}],"predecessor-version":[{"id":30362,"href":"https:\/\/lahora.mx\/index.php\/wp-json\/wp\/v2\/posts\/30360\/revisions\/30362"}],"wp:featuredmedia":[{"embeddable":true,"href":"https:\/\/lahora.mx\/index.php\/wp-json\/wp\/v2\/media\/30361"}],"wp:attachment":[{"href":"https:\/\/lahora.mx\/index.php\/wp-json\/wp\/v2\/media?parent=30360"}],"wp:term":[{"taxonomy":"category","embeddable":true,"href":"https:\/\/lahora.mx\/index.php\/wp-json\/wp\/v2\/categories?post=30360"},{"taxonomy":"post_tag","embeddable":true,"href":"https:\/\/lahora.mx\/index.php\/wp-json\/wp\/v2\/tags?post=30360"}],"curies":[{"name":"wp","href":"https:\/\/api.w.org\/{rel}","templated":true}]}}