{"id":30357,"date":"2023-07-26T21:11:10","date_gmt":"2023-07-26T21:11:10","guid":{"rendered":"http:\/\/lahora.mx\/?p=30357"},"modified":"2023-07-26T21:11:13","modified_gmt":"2023-07-26T21:11:13","slug":"asi-quedo-lo-que-era-antro-asukar-de-la-juarez-tras-terrible-incendio","status":"publish","type":"post","link":"https:\/\/lahora.mx\/index.php\/2023\/07\/26\/asi-quedo-lo-que-era-antro-asukar-de-la-juarez-tras-terrible-incendio\/","title":{"rendered":"As\u00ed qued\u00f3 lo que era antro \u201cAsukar\u201d de la Ju\u00e1rez tras terrible incendio"},"content":{"rendered":"\n<p>Luego de dar a conocer que debido a una presunta explosi\u00f3n, el antro `Asukar\u00b4 ubicado en Avenida Ju\u00e1rez sufri\u00f3 un aparatoso incendio, as\u00ed es como qued\u00f3 el lugar.<\/p>\n\n\n\n<p>A trav\u00e9s de im\u00e1genes que circulan en redes sociales, se puede ver que todo el lugar qued\u00f3 destruido y en cenizas.<\/p>\n\n\n\n<p>La tarde de hoy, poblanos reportaron en redes sociales una columna de humo en la Avenida Ju\u00e1rez y la 25 Sur.<\/p>\n\n\n\n<p>Al lugar arribaron elementos de Protecci\u00f3n Civil y hasta el momento no han reportado heridos por el tr\u00e1gico hecho.<\/p>\n","protected":false},"excerpt":{"rendered":"<p>Luego de dar a conocer que debido a una presunta explosi\u00f3n, el antro `Asukar\u00b4 ubicado en Avenida Ju\u00e1rez sufri\u00f3 un aparatoso incendio, as\u00ed es como qued\u00f3 el lugar. A trav\u00e9s de im\u00e1genes que circulan en redes sociales, se puede ver que todo el lugar qued\u00f3 destruido y en cenizas. La tarde de hoy, poblanos reportaron [&hellip;]<\/p>\n","protected":false},"author":4,"featured_media":30358,"comment_status":"open","ping_status":"open","sticky":false,"template":"","format":"standard","meta":{"om_disable_all_campaigns":false,"_monsterinsights_skip_tracking":false,"_monsterinsights_sitenote_active":false,"_monsterinsights_sitenote_note":"","_monsterinsights_sitenote_category":0,"footnotes":""},"categories":[175],"tags":[223],"class_list":["post-30357","post","type-post","status-publish","format-standard","has-post-thumbnail","hentry","category-local","tag-puebla"],"amp_enabled":true,"_links":{"self":[{"href":"https:\/\/lahora.mx\/index.php\/wp-json\/wp\/v2\/posts\/30357","targetHints":{"allow":["GET"]}}],"collection":[{"href":"https:\/\/lahora.mx\/index.php\/wp-json\/wp\/v2\/posts"}],"about":[{"href":"https:\/\/lahora.mx\/index.php\/wp-json\/wp\/v2\/types\/post"}],"author":[{"embeddable":true,"href":"https:\/\/lahora.mx\/index.php\/wp-json\/wp\/v2\/users\/4"}],"replies":[{"embeddable":true,"href":"https:\/\/lahora.mx\/index.php\/wp-json\/wp\/v2\/comments?post=30357"}],"version-history":[{"count":1,"href":"https:\/\/lahora.mx\/index.php\/wp-json\/wp\/v2\/posts\/30357\/revisions"}],"predecessor-version":[{"id":30359,"href":"https:\/\/lahora.mx\/index.php\/wp-json\/wp\/v2\/posts\/30357\/revisions\/30359"}],"wp:featuredmedia":[{"embeddable":true,"href":"https:\/\/lahora.mx\/index.php\/wp-json\/wp\/v2\/media\/30358"}],"wp:attachment":[{"href":"https:\/\/lahora.mx\/index.php\/wp-json\/wp\/v2\/media?parent=30357"}],"wp:term":[{"taxonomy":"category","embeddable":true,"href":"https:\/\/lahora.mx\/index.php\/wp-json\/wp\/v2\/categories?post=30357"},{"taxonomy":"post_tag","embeddable":true,"href":"https:\/\/lahora.mx\/index.php\/wp-json\/wp\/v2\/tags?post=30357"}],"curies":[{"name":"wp","href":"https:\/\/api.w.org\/{rel}","templated":true}]}}