{"id":30318,"date":"2023-07-25T14:19:33","date_gmt":"2023-07-25T14:19:33","guid":{"rendered":"http:\/\/lahora.mx\/?p=30318"},"modified":"2023-07-26T15:07:24","modified_gmt":"2023-07-26T15:07:24","slug":"sin-blindaje-ni-retroactividad-reforma-electoral-aprobada-en-comision-del-congreso-es-de-orden-procesal","status":"publish","type":"post","link":"https:\/\/lahora.mx\/index.php\/2023\/07\/25\/sin-blindaje-ni-retroactividad-reforma-electoral-aprobada-en-comision-del-congreso-es-de-orden-procesal\/","title":{"rendered":"Sin blindaje ni retroactividad; reforma electoral aprobada en Comisi\u00f3n del Congreso es de orden procesal"},"content":{"rendered":"\n<p>La Comisi\u00f3n de Gobernaci\u00f3n y Puntos Constitucionales de la LXI Legislatura aprob\u00f3 una reforma al C\u00f3digo de Instituciones y Procedimientos Electorales del Estado de Puebla para aclarar los alcances y la valoraci\u00f3n de pruebas en el actuar de los juzgadores electorales, es una modificaci\u00f3n de orden procesal.<\/p>\n\n\n\n<p>Con esta reforma no se blinda a diputadas o diputados, tampoco a personas servidoras p\u00fablicas con un proceso penal o en materia electoral, \u00fanicamente se precisan los alcances de las pruebas para que la persona juzgadora realice una correcta valoraci\u00f3n de las mismas y, con base en ello, se emita una resoluci\u00f3n.<\/p>\n\n\n\n<p>La reforma al C\u00f3digo de Instituciones y Procedimientos Electorales del Estado de Puebla se pondr\u00e1 a consideraci\u00f3n del Pleno el pr\u00f3ximo jueves, si se aprueba, ser\u00e1 enviada al Ejecutivo para su publicaci\u00f3n en el Peri\u00f3dico Oficial del Estado y entrada en vigor, sin posibilidad de que sea retroactiva.<\/p>\n\n\n\n<p>De aprobarse por las y los diputados, Puebla contar\u00e1 con un marco normativo que garantice los derechos pol\u00edtico-electorales de las personas, respecto a la valoraci\u00f3n de pruebas que hace el Tribunal competente.<\/p>\n\n\n\n<p>El Congreso del Estado refrenda su compromiso de proteger y garantizar los derechos de todas las personas.<\/p>\n","protected":false},"excerpt":{"rendered":"<p>La Comisi\u00f3n de Gobernaci\u00f3n y Puntos Constitucionales de la LXI Legislatura aprob\u00f3 una reforma al C\u00f3digo de Instituciones y Procedimientos Electorales del Estado de Puebla para aclarar los alcances y la valoraci\u00f3n de pruebas en el actuar de los juzgadores electorales, es una modificaci\u00f3n de orden procesal. Con esta reforma no se blinda a diputadas [&hellip;]<\/p>\n","protected":false},"author":4,"featured_media":30319,"comment_status":"open","ping_status":"open","sticky":false,"template":"","format":"standard","meta":{"om_disable_all_campaigns":false,"_monsterinsights_skip_tracking":false,"_monsterinsights_sitenote_active":false,"_monsterinsights_sitenote_note":"","_monsterinsights_sitenote_category":0,"footnotes":""},"categories":[175],"tags":[227,223],"class_list":["post-30318","post","type-post","status-publish","format-standard","has-post-thumbnail","hentry","category-local","tag-congreso","tag-puebla"],"amp_enabled":true,"_links":{"self":[{"href":"https:\/\/lahora.mx\/index.php\/wp-json\/wp\/v2\/posts\/30318","targetHints":{"allow":["GET"]}}],"collection":[{"href":"https:\/\/lahora.mx\/index.php\/wp-json\/wp\/v2\/posts"}],"about":[{"href":"https:\/\/lahora.mx\/index.php\/wp-json\/wp\/v2\/types\/post"}],"author":[{"embeddable":true,"href":"https:\/\/lahora.mx\/index.php\/wp-json\/wp\/v2\/users\/4"}],"replies":[{"embeddable":true,"href":"https:\/\/lahora.mx\/index.php\/wp-json\/wp\/v2\/comments?post=30318"}],"version-history":[{"count":1,"href":"https:\/\/lahora.mx\/index.php\/wp-json\/wp\/v2\/posts\/30318\/revisions"}],"predecessor-version":[{"id":30320,"href":"https:\/\/lahora.mx\/index.php\/wp-json\/wp\/v2\/posts\/30318\/revisions\/30320"}],"wp:featuredmedia":[{"embeddable":true,"href":"https:\/\/lahora.mx\/index.php\/wp-json\/wp\/v2\/media\/30319"}],"wp:attachment":[{"href":"https:\/\/lahora.mx\/index.php\/wp-json\/wp\/v2\/media?parent=30318"}],"wp:term":[{"taxonomy":"category","embeddable":true,"href":"https:\/\/lahora.mx\/index.php\/wp-json\/wp\/v2\/categories?post=30318"},{"taxonomy":"post_tag","embeddable":true,"href":"https:\/\/lahora.mx\/index.php\/wp-json\/wp\/v2\/tags?post=30318"}],"curies":[{"name":"wp","href":"https:\/\/api.w.org\/{rel}","templated":true}]}}