{"id":30258,"date":"2023-07-25T14:56:03","date_gmt":"2023-07-25T14:56:03","guid":{"rendered":"http:\/\/lahora.mx\/?p=30258"},"modified":"2023-07-25T14:56:04","modified_gmt":"2023-07-25T14:56:04","slug":"adultos-mayores-de-alcomunga-ajalpan-se-quedan-sin-pagos-del-bienestar","status":"publish","type":"post","link":"https:\/\/lahora.mx\/index.php\/2023\/07\/25\/adultos-mayores-de-alcomunga-ajalpan-se-quedan-sin-pagos-del-bienestar\/","title":{"rendered":"Adultos mayores de Alcomunga, Ajalpan, se quedan sin pagos del Bienestar"},"content":{"rendered":"\n<p>Adultos mayores de Alcomunga, Ajalpan, se quedaron sin recibir el pago del Bienestar programado para el s\u00e1bado 22 de julio, debido a la suspensi\u00f3n provisional que enfrenta el edil auxiliar Espiridi\u00f3n Hern\u00e1ndez Cano; fue hasta el lunes cuando se reanud\u00f3 el cobro, pero hasta la poblaci\u00f3n de Chichicapa.<\/p>\n\n\n\n<p>El 22 de julio adultos mayores recibir\u00edan su pago del Bienestar, pero desde hace semanas la presidencia auxiliar se encuentra tomada por la suspensi\u00f3n provisional que realiz\u00f3 el \u00f3rgano interno de control del Ayuntamiento al edil subalterno.<br>Arturo Romero Ramos, regidor de Gobernaci\u00f3n del ayuntamiento de Ajalpan, coment\u00f3 que el personal del Bienestar lleg\u00f3 a la localidad a realizar los pagos correspondientes a los adultos mayores; sin embargo, las oficinas se encontraban cerradas y reprogramaron la entrega.<\/p>\n\n\n\n<p>Fue hasta este lunes cuando los adultos fueron citados, pero en la poblaci\u00f3n de Chichicapa, a 10 minutos de Alcomunga.<\/p>\n\n\n\n<p>El regidor de Ajalpan extern\u00f3 que desconoce cu\u00e1ndo finalizar\u00e1 la investigaci\u00f3n contra el alcalde auxiliar.<\/p>\n","protected":false},"excerpt":{"rendered":"<p>Adultos mayores de Alcomunga, Ajalpan, se quedaron sin recibir el pago del Bienestar programado para el s\u00e1bado 22 de julio, debido a la suspensi\u00f3n provisional que enfrenta el edil auxiliar Espiridi\u00f3n Hern\u00e1ndez Cano; fue hasta el lunes cuando se reanud\u00f3 el cobro, pero hasta la poblaci\u00f3n de Chichicapa. El 22 de julio adultos mayores recibir\u00edan [&hellip;]<\/p>\n","protected":false},"author":4,"featured_media":30259,"comment_status":"open","ping_status":"open","sticky":false,"template":"","format":"standard","meta":{"om_disable_all_campaigns":false,"_monsterinsights_skip_tracking":false,"_monsterinsights_sitenote_active":false,"_monsterinsights_sitenote_note":"","_monsterinsights_sitenote_category":0,"footnotes":""},"categories":[175],"tags":[223],"class_list":["post-30258","post","type-post","status-publish","format-standard","has-post-thumbnail","hentry","category-local","tag-puebla"],"amp_enabled":true,"_links":{"self":[{"href":"https:\/\/lahora.mx\/index.php\/wp-json\/wp\/v2\/posts\/30258","targetHints":{"allow":["GET"]}}],"collection":[{"href":"https:\/\/lahora.mx\/index.php\/wp-json\/wp\/v2\/posts"}],"about":[{"href":"https:\/\/lahora.mx\/index.php\/wp-json\/wp\/v2\/types\/post"}],"author":[{"embeddable":true,"href":"https:\/\/lahora.mx\/index.php\/wp-json\/wp\/v2\/users\/4"}],"replies":[{"embeddable":true,"href":"https:\/\/lahora.mx\/index.php\/wp-json\/wp\/v2\/comments?post=30258"}],"version-history":[{"count":1,"href":"https:\/\/lahora.mx\/index.php\/wp-json\/wp\/v2\/posts\/30258\/revisions"}],"predecessor-version":[{"id":30260,"href":"https:\/\/lahora.mx\/index.php\/wp-json\/wp\/v2\/posts\/30258\/revisions\/30260"}],"wp:featuredmedia":[{"embeddable":true,"href":"https:\/\/lahora.mx\/index.php\/wp-json\/wp\/v2\/media\/30259"}],"wp:attachment":[{"href":"https:\/\/lahora.mx\/index.php\/wp-json\/wp\/v2\/media?parent=30258"}],"wp:term":[{"taxonomy":"category","embeddable":true,"href":"https:\/\/lahora.mx\/index.php\/wp-json\/wp\/v2\/categories?post=30258"},{"taxonomy":"post_tag","embeddable":true,"href":"https:\/\/lahora.mx\/index.php\/wp-json\/wp\/v2\/tags?post=30258"}],"curies":[{"name":"wp","href":"https:\/\/api.w.org\/{rel}","templated":true}]}}