{"id":30224,"date":"2023-07-25T00:38:45","date_gmt":"2023-07-25T00:38:45","guid":{"rendered":"http:\/\/lahora.mx\/?p=30224"},"modified":"2023-07-25T00:38:46","modified_gmt":"2023-07-25T00:38:46","slug":"fallece-alejandro-marti-fundador-de-mexico-sos","status":"publish","type":"post","link":"https:\/\/lahora.mx\/index.php\/2023\/07\/25\/fallece-alejandro-marti-fundador-de-mexico-sos\/","title":{"rendered":"Fallece Alejandro Mart\u00ed, fundador de M\u00e9xico SOS"},"content":{"rendered":"\n<p>El empresario deportivo y fundador de M\u00e9xico SOS, Alejandro Mart\u00ed, falleci\u00f3 en la tarde de este lunes 24 de julio.<\/p>\n\n\n\n<p>Alejandro Mart\u00ed, reconocido empresario mexicano y due\u00f1o de las tiendas deportivas Mart\u00ed, se destac\u00f3 por su inquebrantable lucha contra la violencia y la inseguridad en M\u00e9xico.<\/p>\n\n\n\n<p>Su figura cobr\u00f3 notoriedad en el pa\u00eds luego del tr\u00e1gico secuestro y asesinato de su hijo, Fernando Mart\u00ed, en el a\u00f1o 2008.<\/p>\n\n\n\n<p>En aquel entonces, Alejandro Mart\u00ed dirigi\u00f3 un emotivo reclamo al gobierno de Felipe Calder\u00f3n, expresando con firmeza la frase \u00absi no pueden renuncien\u00bb.<\/p>\n\n\n\n<p>El ex candidato presidencial Jos\u00e9 Antonio Mead fue uno de los primeros en lamentar la muerte del empresario al que calific\u00f3 como valiente y comprometido.<\/p>\n\n\n\n<p>A\u00fan se desconocen las causas exactas de su fallecimiento, el empresario ten\u00eda 73 a\u00f1os de edad.<\/p>\n","protected":false},"excerpt":{"rendered":"<p>El empresario deportivo y fundador de M\u00e9xico SOS, Alejandro Mart\u00ed, falleci\u00f3 en la tarde de este lunes 24 de julio. Alejandro Mart\u00ed, reconocido empresario mexicano y due\u00f1o de las tiendas deportivas Mart\u00ed, se destac\u00f3 por su inquebrantable lucha contra la violencia y la inseguridad en M\u00e9xico. Su figura cobr\u00f3 notoriedad en el pa\u00eds luego del [&hellip;]<\/p>\n","protected":false},"author":4,"featured_media":30225,"comment_status":"open","ping_status":"open","sticky":false,"template":"","format":"standard","meta":{"om_disable_all_campaigns":false,"_monsterinsights_skip_tracking":false,"_monsterinsights_sitenote_active":false,"_monsterinsights_sitenote_note":"","_monsterinsights_sitenote_category":0,"footnotes":""},"categories":[176],"tags":[195],"class_list":["post-30224","post","type-post","status-publish","format-standard","has-post-thumbnail","hentry","category-nacional","tag-principal"],"amp_enabled":true,"_links":{"self":[{"href":"https:\/\/lahora.mx\/index.php\/wp-json\/wp\/v2\/posts\/30224","targetHints":{"allow":["GET"]}}],"collection":[{"href":"https:\/\/lahora.mx\/index.php\/wp-json\/wp\/v2\/posts"}],"about":[{"href":"https:\/\/lahora.mx\/index.php\/wp-json\/wp\/v2\/types\/post"}],"author":[{"embeddable":true,"href":"https:\/\/lahora.mx\/index.php\/wp-json\/wp\/v2\/users\/4"}],"replies":[{"embeddable":true,"href":"https:\/\/lahora.mx\/index.php\/wp-json\/wp\/v2\/comments?post=30224"}],"version-history":[{"count":1,"href":"https:\/\/lahora.mx\/index.php\/wp-json\/wp\/v2\/posts\/30224\/revisions"}],"predecessor-version":[{"id":30226,"href":"https:\/\/lahora.mx\/index.php\/wp-json\/wp\/v2\/posts\/30224\/revisions\/30226"}],"wp:featuredmedia":[{"embeddable":true,"href":"https:\/\/lahora.mx\/index.php\/wp-json\/wp\/v2\/media\/30225"}],"wp:attachment":[{"href":"https:\/\/lahora.mx\/index.php\/wp-json\/wp\/v2\/media?parent=30224"}],"wp:term":[{"taxonomy":"category","embeddable":true,"href":"https:\/\/lahora.mx\/index.php\/wp-json\/wp\/v2\/categories?post=30224"},{"taxonomy":"post_tag","embeddable":true,"href":"https:\/\/lahora.mx\/index.php\/wp-json\/wp\/v2\/tags?post=30224"}],"curies":[{"name":"wp","href":"https:\/\/api.w.org\/{rel}","templated":true}]}}