{"id":30208,"date":"2023-07-24T17:05:09","date_gmt":"2023-07-24T17:05:09","guid":{"rendered":"http:\/\/lahora.mx\/?p=30208"},"modified":"2023-07-24T17:05:09","modified_gmt":"2023-07-24T17:05:09","slug":"desacelera-inflacion-a-4-79-en-la-primera-quincena-de-julio","status":"publish","type":"post","link":"https:\/\/lahora.mx\/index.php\/2023\/07\/24\/desacelera-inflacion-a-4-79-en-la-primera-quincena-de-julio\/","title":{"rendered":"Desacelera inflaci\u00f3n a 4.79% en la primera quincena de julio"},"content":{"rendered":"\n<p>La inflaci\u00f3n a los consumidores continu\u00f3 desacelerando en la primera mitad de julio, acerc\u00e1ndose cada vez m\u00e1s a la meta del Banco de M\u00e9xico (Banxico), de acuerdo con los datos divulgados por el Instituto Nacional de Estad\u00edstica y Geograf\u00eda (Inegi).<\/p>\n\n\n\n<p>En la primera quincena de julio, el \u00cdndice Nacional de Precios al Consumidor (INPC) present\u00f3 un aumento de 0.29% respecto a la quincena previa.<\/p>\n\n\n\n<p>Lo anterior hizo que, a tasa anual, la inflaci\u00f3n a los consumidores fuera de 4.79 por ciento.<\/p>\n\n\n\n<p>Si bien con el dato la inflaci\u00f3n contin\u00faa desaceler\u00e1ndose, fue ligeramente mayor a la proyecci\u00f3n de los analistas para el periodo. De acuerdo con un sondeo de Reuters, los precios al consumidor habr\u00edan aumentado 4.77 por ciento.<\/p>\n\n\n\n<p>La inflaci\u00f3n estar\u00eda convergiendo al objetivo de Banxico de 3% +\/-1 punto porcentual m\u00e1s r\u00e1pido de lo esperado. No obstante, la instituci\u00f3n central se\u00f1al\u00f3 en su \u00faltima reuni\u00f3n que mantendr\u00e1 su tasa de inter\u00e9s en un nivel hist\u00f3rico de 11.25% por m\u00e1s tiempo para lograr el objetivo.<\/p>\n\n\n\n<p>El a\u00f1o pasado, la inflaci\u00f3n mostr\u00f3 niveles altos y no vistos en m\u00e1s de dos d\u00e9cadas no s\u00f3lo en M\u00e9xico, si no en el mundo, lo que llev\u00f3 a los bancos centrales a aumentar sus tasas de inter\u00e9s.<\/p>\n\n\n\n<p>Incluso, en M\u00e9xico se implement\u00f3 el Paquete Contra la Inflaci\u00f3n y la Carest\u00eda (PACIC) por parte del gobierno para tratar de contener los precios de ciertos productos b\u00e1sicos; no obstante, \u00e9ste ha tenido un impacto limitado en la Inflaci\u00f3n general.<\/p>\n\n\n\n<p>Caen precios del no subyacente<br>Dentro del reporte del Inegi, se observ\u00f3 que en el \u00edndice no subyacente existe una disminuci\u00f3n de 0.97% anual, explicado principalmente por la disminuci\u00f3n de los precios del petr\u00f3leo a nivel internacional.<\/p>\n\n\n\n<p>En este \u00edndice, el rubro agropecuario mostr\u00f3 una inflaci\u00f3n de 2.52% anual en la primera quincena de julio. Dentro de este, las frutas y verduras se encarecieron 5.59% y los pecuarios apenas 0.08 por ciento.<\/p>\n\n\n\n<p>En tanto, los energ\u00e9ticos y tarifas autorizadas por el gobierno disminuyeron 3.93% anual. En el caso de las tarifas, la inflaci\u00f3n fue de 5.67% mientras que el precio de los energ\u00e9ticos disminuy\u00f3 7.92 por ciento.<\/p>\n\n\n\n<p>El \u00edndice subyacente, que elimina de su c\u00e1lculo los bienes y servicios con precios m\u00e1s vol\u00e1tiles, mostr\u00f3 una inflaci\u00f3n de 6.76% en el periodo.<\/p>\n\n\n\n<p>Al interior, el precio de las mercanc\u00edas \u2014 principal presi\u00f3n para el \u00edndice general \u2014 aument\u00f3 en 7.99%, a la vez que los servicios se encarecieron 5.29 por ciento.<\/p>\n","protected":false},"excerpt":{"rendered":"<p>La inflaci\u00f3n a los consumidores continu\u00f3 desacelerando en la primera mitad de julio, acerc\u00e1ndose cada vez m\u00e1s a la meta del Banco de M\u00e9xico (Banxico), de acuerdo con los datos divulgados por el Instituto Nacional de Estad\u00edstica y Geograf\u00eda (Inegi). En la primera quincena de julio, el \u00cdndice Nacional de Precios al Consumidor (INPC) present\u00f3 [&hellip;]<\/p>\n","protected":false},"author":4,"featured_media":30209,"comment_status":"open","ping_status":"open","sticky":false,"template":"","format":"standard","meta":{"om_disable_all_campaigns":false,"_monsterinsights_skip_tracking":false,"_monsterinsights_sitenote_active":false,"_monsterinsights_sitenote_note":"","_monsterinsights_sitenote_category":0,"footnotes":""},"categories":[176],"tags":[29],"class_list":["post-30208","post","type-post","status-publish","format-standard","has-post-thumbnail","hentry","category-nacional","tag-business"],"amp_enabled":true,"_links":{"self":[{"href":"https:\/\/lahora.mx\/index.php\/wp-json\/wp\/v2\/posts\/30208","targetHints":{"allow":["GET"]}}],"collection":[{"href":"https:\/\/lahora.mx\/index.php\/wp-json\/wp\/v2\/posts"}],"about":[{"href":"https:\/\/lahora.mx\/index.php\/wp-json\/wp\/v2\/types\/post"}],"author":[{"embeddable":true,"href":"https:\/\/lahora.mx\/index.php\/wp-json\/wp\/v2\/users\/4"}],"replies":[{"embeddable":true,"href":"https:\/\/lahora.mx\/index.php\/wp-json\/wp\/v2\/comments?post=30208"}],"version-history":[{"count":1,"href":"https:\/\/lahora.mx\/index.php\/wp-json\/wp\/v2\/posts\/30208\/revisions"}],"predecessor-version":[{"id":30210,"href":"https:\/\/lahora.mx\/index.php\/wp-json\/wp\/v2\/posts\/30208\/revisions\/30210"}],"wp:featuredmedia":[{"embeddable":true,"href":"https:\/\/lahora.mx\/index.php\/wp-json\/wp\/v2\/media\/30209"}],"wp:attachment":[{"href":"https:\/\/lahora.mx\/index.php\/wp-json\/wp\/v2\/media?parent=30208"}],"wp:term":[{"taxonomy":"category","embeddable":true,"href":"https:\/\/lahora.mx\/index.php\/wp-json\/wp\/v2\/categories?post=30208"},{"taxonomy":"post_tag","embeddable":true,"href":"https:\/\/lahora.mx\/index.php\/wp-json\/wp\/v2\/tags?post=30208"}],"curies":[{"name":"wp","href":"https:\/\/api.w.org\/{rel}","templated":true}]}}