{"id":29863,"date":"2023-07-17T23:17:30","date_gmt":"2023-07-17T23:17:30","guid":{"rendered":"http:\/\/lahora.mx\/?p=29863"},"modified":"2023-07-17T23:17:30","modified_gmt":"2023-07-17T23:17:30","slug":"miguel-angel-de-la-rosa-deja-al-prd-se-suma-a-proyecto-de-armenta","status":"publish","type":"post","link":"https:\/\/lahora.mx\/index.php\/2023\/07\/17\/miguel-angel-de-la-rosa-deja-al-prd-se-suma-a-proyecto-de-armenta\/","title":{"rendered":"Miguel \u00c1ngel de la Rosa deja al PRD se suma a proyecto de Armenta"},"content":{"rendered":"\n<p>El empresario y fiscalista, Miguel \u00c1ngel de la Rosa Esparza, exdirigente estatal del Partido de la Revoluci\u00f3n Democr\u00e1tica (PRD) y consejero vitalicio de dicha fuerza pol\u00edtica, renunci\u00f3 a sus m\u00e1s 20 a\u00f1os de militancia perredista y se sum\u00f3 al proyecto pol\u00edtico del senador y aspirante a la gubernatura de Puebla, Alejandro Armenta Mier.<\/p>\n\n\n\n<p>En rueda de prensa, el legislador morenista lo present\u00f3 como coordinador estatal de capacitaci\u00f3n de Pymes y Mipymes en el Senado de la Rep\u00fablica y asegur\u00f3 que, derivado de su evaluaci\u00f3n situacional y tesis doctoral \u00abPor Amor a Puebla\u00bb, ser\u00e1 parte importante de una estrategia que pondr\u00e1 en marcha en el 2024.<\/p>\n\n\n\n<p>Miguel \u00c1ngel de la Rosa explic\u00f3 que, de acuerdo con el documento que presentar\u00e1 esta tarde en la sede estatal del PRD, su baja del partido deriva de la falta de proyectos empresariales que ayuden a la entidad \u00abcomo s\u00ed los tiene el senador\u00bb; no obstante se dijo bendecido y agradeci\u00f3 al Sol Azteca su apoyo.<br>Dijo que para \u00e9l fue un honor que Alejandro Armenta lo invitara a sumarse a su equipo de trabajo y que \u00abquemar\u00e1 sus naves\u00bb para seguir apoyando a Puebla, impulsando estrategias que ayuden a mitigar la informalidad en la entidad y crear m\u00e1s de 500 mil empresas.<\/p>\n\n\n\n<p>Record\u00f3 que esta no es la primera vez que coinciden a nivel pol\u00edtico, a pesar de que ambos se encontraban en partidos distintos, \u00e9l como perredista y el senador como parte de las filas del Partido Revolucionario Institucional (PRI), por lo que no fue dif\u00edcil convencerse de estar de lado de Morena.<\/p>\n\n\n\n<p>\u00abAmo a Puebla y por amor a Puebla, en este momento, me sumo a este proyecto porque considero que es un proyecto que va a traer enormes beneficios al estado (\u2026). En Puebla hay 343 mil 574 empresas (\u2026) el senador quiere que haya un mill\u00f3n de empresas. (\u2026) Quemo mis naves, me quedo sin partido y me sumo al cien por ciento al proyecto hasta donde tope\u00bb asegur\u00f3 Miguel \u00c1ngel de la Rosa.<\/p>\n","protected":false},"excerpt":{"rendered":"<p>El empresario y fiscalista, Miguel \u00c1ngel de la Rosa Esparza, exdirigente estatal del Partido de la Revoluci\u00f3n Democr\u00e1tica (PRD) y consejero vitalicio de dicha fuerza pol\u00edtica, renunci\u00f3 a sus m\u00e1s 20 a\u00f1os de militancia perredista y se sum\u00f3 al proyecto pol\u00edtico del senador y aspirante a la gubernatura de Puebla, Alejandro Armenta Mier. En rueda [&hellip;]<\/p>\n","protected":false},"author":4,"featured_media":29864,"comment_status":"open","ping_status":"open","sticky":false,"template":"","format":"standard","meta":{"om_disable_all_campaigns":false,"_monsterinsights_skip_tracking":false,"_monsterinsights_sitenote_active":false,"_monsterinsights_sitenote_note":"","_monsterinsights_sitenote_category":0,"footnotes":""},"categories":[5],"tags":[128],"class_list":["post-29863","post","type-post","status-publish","format-standard","has-post-thumbnail","hentry","category-politica","tag-politics"],"amp_enabled":true,"_links":{"self":[{"href":"https:\/\/lahora.mx\/index.php\/wp-json\/wp\/v2\/posts\/29863","targetHints":{"allow":["GET"]}}],"collection":[{"href":"https:\/\/lahora.mx\/index.php\/wp-json\/wp\/v2\/posts"}],"about":[{"href":"https:\/\/lahora.mx\/index.php\/wp-json\/wp\/v2\/types\/post"}],"author":[{"embeddable":true,"href":"https:\/\/lahora.mx\/index.php\/wp-json\/wp\/v2\/users\/4"}],"replies":[{"embeddable":true,"href":"https:\/\/lahora.mx\/index.php\/wp-json\/wp\/v2\/comments?post=29863"}],"version-history":[{"count":1,"href":"https:\/\/lahora.mx\/index.php\/wp-json\/wp\/v2\/posts\/29863\/revisions"}],"predecessor-version":[{"id":29865,"href":"https:\/\/lahora.mx\/index.php\/wp-json\/wp\/v2\/posts\/29863\/revisions\/29865"}],"wp:featuredmedia":[{"embeddable":true,"href":"https:\/\/lahora.mx\/index.php\/wp-json\/wp\/v2\/media\/29864"}],"wp:attachment":[{"href":"https:\/\/lahora.mx\/index.php\/wp-json\/wp\/v2\/media?parent=29863"}],"wp:term":[{"taxonomy":"category","embeddable":true,"href":"https:\/\/lahora.mx\/index.php\/wp-json\/wp\/v2\/categories?post=29863"},{"taxonomy":"post_tag","embeddable":true,"href":"https:\/\/lahora.mx\/index.php\/wp-json\/wp\/v2\/tags?post=29863"}],"curies":[{"name":"wp","href":"https:\/\/api.w.org\/{rel}","templated":true}]}}