{"id":29820,"date":"2023-07-17T16:41:58","date_gmt":"2023-07-17T16:41:58","guid":{"rendered":"http:\/\/lahora.mx\/?p=29820"},"modified":"2023-07-17T16:41:59","modified_gmt":"2023-07-17T16:41:59","slug":"17-de-julio-dia-mundial-del-emoji","status":"publish","type":"post","link":"https:\/\/lahora.mx\/index.php\/2023\/07\/17\/17-de-julio-dia-mundial-del-emoji\/","title":{"rendered":"17 de julio d\u00eda Mundial del Emoji"},"content":{"rendered":"\n<p class=\"wp-block-paragraph\">Cada 17 de julio se celebra el D\u00eda Mundial del Emoji, el cual se conmemora desde 2014. El d\u00eda corresponde a la fecha que Apple marca en el emoji de su calendario, porque fue el d\u00eda que present\u00f3 el calendario (iCal) en la MacWorld. Desde 2016 es din\u00e1mico y siempre muestra la fecha actual.<\/p>\n\n\n\n<p class=\"wp-block-paragraph\">En otras plataformas se marcan d\u00edas diferentes en relaci\u00f3n con alg\u00fan hecho relevante de la compa\u00f1\u00eda. En WhatsApp, por ejemplo, se marca el 24 de febrero porque es el d\u00eda en el que se sum\u00f3 a Facebook.<\/p>\n\n\n\n<p class=\"wp-block-paragraph\">Unicode, el organismo encargado de aceptar y validar todos los emoticones que tenemos en nuestros dispositivos, incluy\u00f3 el emoji del calendario con la fecha del 17 de julio en 2010 en la versi\u00f3n 6.0 del listado.<\/p>\n\n\n\n<p class=\"wp-block-paragraph\">\u00bfQui\u00e9n cre\u00f3 el emoji?<br>El primer emoji fue creado en 1999 en Jap\u00f3n y su dise\u00f1o estuvo a cargo de Shigetaka Kurita para ser utilizados por la plataforma de internet m\u00f3vil NTT DoCoMo.<\/p>\n\n\n\n<p class=\"wp-block-paragraph\">Kurita se inspir\u00f3 en los \u00edconos que usaban los reportes del clima para as\u00ed darle vida a un total de 180 emojis que representaban las expresiones m\u00e1s comunes de los japoneses.<br>Entre 1998 y 1999 fue cuando entreg\u00f3 el primer paquete de emojis para el servicio I-Mode, aunque nunca crey\u00f3 que se acabar\u00edan convirtiendo en una forma de comunicaci\u00f3n tan importante, seg\u00fan confesaba en una entrevista a Papel.<\/p>\n\n\n\n<p class=\"wp-block-paragraph\">Se ha reportado que al menos hay 60 emojis relacionados con M\u00e9xico, los cuales se le atribuyen su creaci\u00f3n a un dise\u00f1ador de nombre Eduardo Salles.<\/p>\n\n\n\n<p class=\"wp-block-paragraph\">En las im\u00e1genes aparecen un trompo de pastor, un ajolote, una calaverita, un tequila; personajes como un tamalero, un luchador, Frida Kahlo, Zapata y hasta el subcomandante Marcos.<\/p>\n\n\n\n<p class=\"wp-block-paragraph\">Los m\u00e1s tuiteados<br>La lista de emojis ha ido creciendo y se han dividido en 10 categor\u00edas. Con la herramienta emojitracker se ha mostrados cu\u00e1les han sido los m\u00e1s usados en Twitter.<\/p>\n\n\n\n<p class=\"wp-block-paragraph\">Seg\u00fan la aplicaci\u00f3n, la cara ri\u00e9ndose con l\u00e1grimas es la que lidera el ranking (con m\u00e1s de 3 mil millones de veces compartido), seguida del coraz\u00f3n rojo (m\u00e1s de mil 50 millones de ocasiones) y la cara llorando (m\u00e1s de mil 200 millones de veces compartido).<\/p>\n\n\n\n<p class=\"wp-block-paragraph\">D\u00eda Mundial del Emoji: \u00bfCu\u00e1ntos hay?<br>Hasta marzo de 2022 se report\u00f3 que exist\u00edan 3 mil 633 emojis, pero la lista ha ido creciendo. Los nuevos emojis se introducen con las nuevas versiones del Est\u00e1ndar Unicode y la \u00faltima en llegar, que ha sido Emoji 14.0, a\u00f1adi\u00f3 112 nuevos.<\/p>\n\n\n\n<p class=\"wp-block-paragraph\">Los emoticonos<\/p>\n\n\n\n<p class=\"wp-block-paragraph\">Los emoticonos son anteriores a los emojis y se atribuye su invenci\u00f3n a Scott Fahlman en 1982, cuando cre\u00f3 una cara sonriente utilizando los s\u00edmbolos del teclado.<\/p>\n\n\n\n<p class=\"wp-block-paragraph\">El objetivo de los emoticonos es el mismo que el de los emojis, pero su representaci\u00f3n es diferente. El primero se realiza con s\u00edmbolos y el segundo es un \u00edcono ya creado. Por eso, aunque se parezcan, no debemos utilizarlos como sin\u00f3nimo.<\/p>\n\n\n\n<p class=\"wp-block-paragraph\">\u00bfQu\u00e9 es un emoji?<\/p>\n\n\n\n<p class=\"wp-block-paragraph\">Dibujo o signo que expresa una emoci\u00f3n o idea; se utiliza en la comunicaci\u00f3n electr\u00f3nica, especialmente en las redes sociales.<\/p>\n","protected":false},"excerpt":{"rendered":"<p>Cada 17 de julio se celebra el D\u00eda Mundial del Emoji, el cual se conmemora desde 2014. El d\u00eda corresponde a la fecha que Apple marca en el emoji de su calendario, porque fue el d\u00eda que present\u00f3 el calendario (iCal) en la MacWorld. Desde 2016 es din\u00e1mico y siempre muestra la fecha actual. En [&hellip;]<\/p>\n","protected":false},"author":4,"featured_media":29821,"comment_status":"open","ping_status":"open","sticky":false,"template":"","format":"standard","meta":{"om_disable_all_campaigns":false,"_monsterinsights_skip_tracking":false,"footnotes":""},"categories":[3],"tags":[],"class_list":["post-29820","post","type-post","status-publish","format-standard","has-post-thumbnail","hentry","category-entretenimiento"],"amp_enabled":true,"_links":{"self":[{"href":"https:\/\/lahora.mx\/index.php\/wp-json\/wp\/v2\/posts\/29820","targetHints":{"allow":["GET"]}}],"collection":[{"href":"https:\/\/lahora.mx\/index.php\/wp-json\/wp\/v2\/posts"}],"about":[{"href":"https:\/\/lahora.mx\/index.php\/wp-json\/wp\/v2\/types\/post"}],"author":[{"embeddable":true,"href":"https:\/\/lahora.mx\/index.php\/wp-json\/wp\/v2\/users\/4"}],"replies":[{"embeddable":true,"href":"https:\/\/lahora.mx\/index.php\/wp-json\/wp\/v2\/comments?post=29820"}],"version-history":[{"count":1,"href":"https:\/\/lahora.mx\/index.php\/wp-json\/wp\/v2\/posts\/29820\/revisions"}],"predecessor-version":[{"id":29822,"href":"https:\/\/lahora.mx\/index.php\/wp-json\/wp\/v2\/posts\/29820\/revisions\/29822"}],"wp:featuredmedia":[{"embeddable":true,"href":"https:\/\/lahora.mx\/index.php\/wp-json\/wp\/v2\/media\/29821"}],"wp:attachment":[{"href":"https:\/\/lahora.mx\/index.php\/wp-json\/wp\/v2\/media?parent=29820"}],"wp:term":[{"taxonomy":"category","embeddable":true,"href":"https:\/\/lahora.mx\/index.php\/wp-json\/wp\/v2\/categories?post=29820"},{"taxonomy":"post_tag","embeddable":true,"href":"https:\/\/lahora.mx\/index.php\/wp-json\/wp\/v2\/tags?post=29820"}],"curies":[{"name":"wp","href":"https:\/\/api.w.org\/{rel}","templated":true}]}}