{"id":2976,"date":"2022-02-11T01:22:50","date_gmt":"2022-02-11T01:22:50","guid":{"rendered":"http:\/\/lahora.mx\/?p=2976"},"modified":"2022-02-11T01:22:51","modified_gmt":"2022-02-11T01:22:51","slug":"corrigen-al-iee-y-vetan-a-morena-y-pt-de-extraordinarias","status":"publish","type":"post","link":"https:\/\/lahora.mx\/index.php\/2022\/02\/11\/corrigen-al-iee-y-vetan-a-morena-y-pt-de-extraordinarias\/","title":{"rendered":"Corrigen al IEE y vetan a Morena y PT de extraordinarias"},"content":{"rendered":"\n<p>La Sala Regional Ciudad de M\u00e9xico del TEPJF corrigi\u00f3 la plana al Instituto Electoral del Estado (IEE) de Puebla y determin\u00f3 que Morena y el Partido del Trabajo (PT)&nbsp;<strong>no podr\u00e1n competir en las elecciones extraordinarias<\/strong>&nbsp;de San Jos\u00e9 Miahuatl\u00e1n y Teotlalco.<\/p>\n\n\n\n<p>Esto luego de la impugnaci\u00f3n que presentaron los partidos de Movimiento Ciudadano y Revolucionario Institucional (PRI) para revocar el acuerdo con el cual el \u00f3rgano electoral local\u00a0<strong>permiti\u00f3 la participaci\u00f3n de todos los partidos pol\u00edticos<\/strong>, con excepci\u00f3n de los que perdieron su registro por no alcanzar el porcentaje m\u00ednimo de votaci\u00f3n en la elecci\u00f3n del 6 de junio de 2021.<br><br>Con su decisi\u00f3n el IEE hab\u00eda beneficiado a Morena y PT, ya que podr\u00edan contender por las alcald\u00edas a pesar de que en 2021 no postularon candidaturas en esos municipios, medida que incluso fue rarificada por el Tribunal Electoral del Estado de Puebla (TEEP).<\/p>\n\n\n\n<p>La sentencia de este d\u00eda a cargo del magistrado presidente de la sala regional del Tribunal Electoral del Poder Judicial de la Federaci\u00f3n (TEPJF), H\u00e9ctor Romero Bola\u00f1os, explica que en la elecci\u00f3n extraordinaria no puede ser desvinculada del proceso ordinario y deben de participar los mismos partidos de la elecci\u00f3n anulada, incluidos los que perdieran su registro.<br>En el an\u00e1lisis, el magistrado detalla que TEEP\u00a0<strong>no fue exhaustivo en la revisi\u00f3n\u00a0<\/strong>y aplicaci\u00f3n de los procedimientos electorales, ya que si se inscriben partidos que no participaron en la contienda anterior, se\u00a0<strong>dar\u00e1 ventaja a los nuevos\u00a0candidatos<\/strong>.<br>\u201cSe se\u00f1ala que, en el caso concreto de la elecci\u00f3n extraordinaria, no se puede ver desvinculada al proceso ordinario, las opciones pol\u00edticas que participaron los partidos;\u00a0<strong>el TEEP interpret\u00f3 indebidamente la convocatoria y se declara fundada la falta de exhaustividad\u00a0<\/strong>por que el TEEP dej\u00f3 de pronunciarse sobre el art\u00edculo 24, p\u00e1rrafo 3 de la ley general de instituciones y procedimientos electorales al no analizar que los partidos que perdieron el registro pueden participar en la extraordinaria\u201d dice el resolutivo.<br>En su participaci\u00f3n, la magistrada\u00a0<strong>Mar\u00eda Silva Rojas<\/strong>\u00a0defendi\u00f3 la participaci\u00f3n de todos los partidos, con el fin de\u00a0<strong>no afectar el ejercicio de los derechos pol\u00edticos<\/strong>\u00a0electorales y con ello garantizar que haya m\u00e1s candidatos a elegir.<\/p>\n\n\n\n<p>\u201cEs una situaci\u00f3n novedosa, a pesar de que no es la primera vez que se celebra una elecci\u00f3n extraordinaria, se cuestiona que los partidos pol\u00edticos que no postularon candidaturas en la ordinaria pueden postular en la celebraci\u00f3n de las elecciones extraordinarias\u201d, detall\u00f3.<br><br><\/p>\n\n\n\n<p>En respuesta, el magistrado&nbsp;<strong>Jos\u00e9 Luis Cevallos Daza<\/strong>&nbsp;asegur\u00f3 que, en un caso similar, la Suprema Corte Justicia de la Naci\u00f3n (SCJN) resolvi\u00f3 una acci\u00f3n de inconstitucionalidad en las elecciones de 2015, en el estado de Tlaxcala, por lo que se debe garantizar que el proceso extempor\u00e1neo&nbsp;<strong>tenga las mismas caracter\u00edsticas.<\/strong><\/p>\n\n\n\n<p>\u201cEl proyecto invoca de manera muy solvente la acci\u00f3n de inconstitucionalidad 69 de 2015 emitida por la SCJN en el estado de Tlaxcala, la identidad que tienen que tener los procesos extraordinarios respecto del ordinario\u201d, aclar\u00f3.<br><br>Por su parte, Romero Bola\u00f1os asegur\u00f3 que el riesgo de avalar la participaci\u00f3n de otros partidos\u00a0<strong>pone en vilo el proceso extraordinario,\u00a0<\/strong>que solo es para solventar la contienda electoral que fue\u00a0<strong>cancelada por irregularidades,\u00a0<\/strong>pero no emitir una convocatoria para realizar un procedimiento nuevo.<\/p>\n","protected":false},"excerpt":{"rendered":"<p>La Sala Regional Ciudad de M\u00e9xico del TEPJF corrigi\u00f3 la plana al Instituto Electoral del Estado (IEE) de Puebla y determin\u00f3 que Morena y el Partido del Trabajo (PT)&nbsp;no podr\u00e1n competir en las elecciones extraordinarias&nbsp;de San Jos\u00e9 Miahuatl\u00e1n y Teotlalco. Esto luego de la impugnaci\u00f3n que presentaron los partidos de Movimiento Ciudadano y Revolucionario Institucional [&hellip;]<\/p>\n","protected":false},"author":4,"featured_media":2977,"comment_status":"open","ping_status":"open","sticky":false,"template":"","format":"standard","meta":{"om_disable_all_campaigns":false,"_monsterinsights_skip_tracking":false,"_monsterinsights_sitenote_active":false,"_monsterinsights_sitenote_note":"","_monsterinsights_sitenote_category":0,"footnotes":""},"categories":[176],"tags":[],"class_list":["post-2976","post","type-post","status-publish","format-standard","has-post-thumbnail","hentry","category-nacional"],"amp_enabled":true,"_links":{"self":[{"href":"https:\/\/lahora.mx\/index.php\/wp-json\/wp\/v2\/posts\/2976","targetHints":{"allow":["GET"]}}],"collection":[{"href":"https:\/\/lahora.mx\/index.php\/wp-json\/wp\/v2\/posts"}],"about":[{"href":"https:\/\/lahora.mx\/index.php\/wp-json\/wp\/v2\/types\/post"}],"author":[{"embeddable":true,"href":"https:\/\/lahora.mx\/index.php\/wp-json\/wp\/v2\/users\/4"}],"replies":[{"embeddable":true,"href":"https:\/\/lahora.mx\/index.php\/wp-json\/wp\/v2\/comments?post=2976"}],"version-history":[{"count":1,"href":"https:\/\/lahora.mx\/index.php\/wp-json\/wp\/v2\/posts\/2976\/revisions"}],"predecessor-version":[{"id":2978,"href":"https:\/\/lahora.mx\/index.php\/wp-json\/wp\/v2\/posts\/2976\/revisions\/2978"}],"wp:featuredmedia":[{"embeddable":true,"href":"https:\/\/lahora.mx\/index.php\/wp-json\/wp\/v2\/media\/2977"}],"wp:attachment":[{"href":"https:\/\/lahora.mx\/index.php\/wp-json\/wp\/v2\/media?parent=2976"}],"wp:term":[{"taxonomy":"category","embeddable":true,"href":"https:\/\/lahora.mx\/index.php\/wp-json\/wp\/v2\/categories?post=2976"},{"taxonomy":"post_tag","embeddable":true,"href":"https:\/\/lahora.mx\/index.php\/wp-json\/wp\/v2\/tags?post=2976"}],"curies":[{"name":"wp","href":"https:\/\/api.w.org\/{rel}","templated":true}]}}