{"id":29663,"date":"2023-07-14T03:18:49","date_gmt":"2023-07-14T03:18:49","guid":{"rendered":"http:\/\/lahora.mx\/?p=29663"},"modified":"2023-07-14T03:18:49","modified_gmt":"2023-07-14T03:18:49","slug":"puebla-y-tlaxcala-acuerdan-reforzar-seguridad-en-zona-limitrofe","status":"publish","type":"post","link":"https:\/\/lahora.mx\/index.php\/2023\/07\/14\/puebla-y-tlaxcala-acuerdan-reforzar-seguridad-en-zona-limitrofe\/","title":{"rendered":"Puebla y Tlaxcala acuerdan reforzar seguridad en zona lim\u00edtrofe"},"content":{"rendered":"\n<p>Los gobiernos de Puebla y Tlaxcala acordaron reforzar la seguridad en la zona lim\u00edtrofe entre ambos estados, durante una reuni\u00f3n de seguimiento realizada la ma\u00f1ana de este jueves en el Centro de Control, Comando, Coordinaci\u00f3n, Comunicaciones, C\u00f3mputo e Inteligencia (C5i) de esa entidad.<\/p>\n\n\n\n<p>En el encuentro, en el que estuvieron presentes la gobernadora de Tlaxcala, Lorena Cu\u00e9llar Cisneros, y el titular de la Secretar\u00eda de Seguridad P\u00fablica (SSP) de Puebla, Daniel Iv\u00e1n Cruz Luna, tambi\u00e9n se reiter\u00f3 la importancia de realizar m\u00e1s operativos e intercambiar informaci\u00f3n para combatir a la delincuencia.<\/p>\n\n\n\n<p>La mesa de trabajo tuvo la intenci\u00f3n de generar sinergias y fortalecer las acciones para prevenir y combatir la comisi\u00f3n de delitos.<\/p>\n\n\n\n<p>Entre los asistentes tambi\u00e9n se encontraron la secretaria de Seguridad Ciudadana de Puebla capital, Consuelo Cruz Galindo, adem\u00e1s de representantes de la Secretar\u00eda de la Defensa Nacional (Sedena), Guardia Nacional (GN), Fiscal\u00eda General del Estado (FGE), Procuradur\u00eda General de Justicia del Estado (PGFE) de Tlaxcala, y polic\u00edas municipales.<\/p>\n\n\n\n<p>El pasado 8 de mayo, Sergio Salom\u00f3n C\u00e9spedes Peregrina, gobernador de Puebla, y su hom\u00f3loga de Tlaxcala, signaron un Convenio de Colaboraci\u00f3n y Coordinaci\u00f3n Interinstitucional en materia de seguridad, para mejorar la calidad de vida de los habitantes de los municipios colindantes de ambas entidades.<\/p>\n","protected":false},"excerpt":{"rendered":"<p>Los gobiernos de Puebla y Tlaxcala acordaron reforzar la seguridad en la zona lim\u00edtrofe entre ambos estados, durante una reuni\u00f3n de seguimiento realizada la ma\u00f1ana de este jueves en el Centro de Control, Comando, Coordinaci\u00f3n, Comunicaciones, C\u00f3mputo e Inteligencia (C5i) de esa entidad. En el encuentro, en el que estuvieron presentes la gobernadora de Tlaxcala, [&hellip;]<\/p>\n","protected":false},"author":4,"featured_media":29664,"comment_status":"open","ping_status":"open","sticky":false,"template":"","format":"standard","meta":{"om_disable_all_campaigns":false,"_monsterinsights_skip_tracking":false,"_monsterinsights_sitenote_active":false,"_monsterinsights_sitenote_note":"","_monsterinsights_sitenote_category":0,"footnotes":""},"categories":[175],"tags":[223,210],"class_list":["post-29663","post","type-post","status-publish","format-standard","has-post-thumbnail","hentry","category-local","tag-puebla","tag-tlaxcala"],"amp_enabled":true,"_links":{"self":[{"href":"https:\/\/lahora.mx\/index.php\/wp-json\/wp\/v2\/posts\/29663","targetHints":{"allow":["GET"]}}],"collection":[{"href":"https:\/\/lahora.mx\/index.php\/wp-json\/wp\/v2\/posts"}],"about":[{"href":"https:\/\/lahora.mx\/index.php\/wp-json\/wp\/v2\/types\/post"}],"author":[{"embeddable":true,"href":"https:\/\/lahora.mx\/index.php\/wp-json\/wp\/v2\/users\/4"}],"replies":[{"embeddable":true,"href":"https:\/\/lahora.mx\/index.php\/wp-json\/wp\/v2\/comments?post=29663"}],"version-history":[{"count":1,"href":"https:\/\/lahora.mx\/index.php\/wp-json\/wp\/v2\/posts\/29663\/revisions"}],"predecessor-version":[{"id":29665,"href":"https:\/\/lahora.mx\/index.php\/wp-json\/wp\/v2\/posts\/29663\/revisions\/29665"}],"wp:featuredmedia":[{"embeddable":true,"href":"https:\/\/lahora.mx\/index.php\/wp-json\/wp\/v2\/media\/29664"}],"wp:attachment":[{"href":"https:\/\/lahora.mx\/index.php\/wp-json\/wp\/v2\/media?parent=29663"}],"wp:term":[{"taxonomy":"category","embeddable":true,"href":"https:\/\/lahora.mx\/index.php\/wp-json\/wp\/v2\/categories?post=29663"},{"taxonomy":"post_tag","embeddable":true,"href":"https:\/\/lahora.mx\/index.php\/wp-json\/wp\/v2\/tags?post=29663"}],"curies":[{"name":"wp","href":"https:\/\/api.w.org\/{rel}","templated":true}]}}