{"id":29582,"date":"2023-07-12T16:55:54","date_gmt":"2023-07-12T16:55:54","guid":{"rendered":"http:\/\/lahora.mx\/?p=29582"},"modified":"2023-07-12T16:55:54","modified_gmt":"2023-07-12T16:55:54","slug":"hasta-dos-horas-de-espera-recoger-tarjetas-de-bienestar-en-palacio-federal","status":"publish","type":"post","link":"https:\/\/lahora.mx\/index.php\/2023\/07\/12\/hasta-dos-horas-de-espera-recoger-tarjetas-de-bienestar-en-palacio-federal\/","title":{"rendered":"Hasta dos horas de espera, recoger tarjetas de Bienestar en Palacio Federal"},"content":{"rendered":"\n<p>Desde muy tempranas horas, cientos de j\u00f3venes acudieron al Palacio Federal ubicado en la 16 de Septiembre para recoger su tarjeta del Banco Bienestar para cobrar su beca Benito Ju\u00e1rez.<\/p>\n\n\n\n<p>De acuerdo con los asistentes los j\u00f3venes acudieron desde las cinco de la ma\u00f1ana con tal de evitar las filas, sin embargo, fue tanta la presencia que tuvieron que esperar casi dos horas para poder entrar.<\/p>\n\n\n\n<p>El tr\u00e1mite ha sido veloz, pues los funcionarios estatales van pasando en grupos de ocho personas a los j\u00f3venes para hacerles entrega de su tarjeta.<\/p>\n\n\n\n<p>Los alumnos acudieron a cambiar su tarjeta para comenzar a cobrar su apoyo que les brinda el gobierno de Andr\u00e9s Manuel L\u00f3pez Obrador.<\/p>\n","protected":false},"excerpt":{"rendered":"<p>Desde muy tempranas horas, cientos de j\u00f3venes acudieron al Palacio Federal ubicado en la 16 de Septiembre para recoger su tarjeta del Banco Bienestar para cobrar su beca Benito Ju\u00e1rez. De acuerdo con los asistentes los j\u00f3venes acudieron desde las cinco de la ma\u00f1ana con tal de evitar las filas, sin embargo, fue tanta la [&hellip;]<\/p>\n","protected":false},"author":4,"featured_media":29583,"comment_status":"open","ping_status":"open","sticky":false,"template":"","format":"standard","meta":{"om_disable_all_campaigns":false,"_monsterinsights_skip_tracking":false,"_monsterinsights_sitenote_active":false,"_monsterinsights_sitenote_note":"","_monsterinsights_sitenote_category":0,"footnotes":""},"categories":[176],"tags":[],"class_list":["post-29582","post","type-post","status-publish","format-standard","has-post-thumbnail","hentry","category-nacional"],"amp_enabled":true,"_links":{"self":[{"href":"https:\/\/lahora.mx\/index.php\/wp-json\/wp\/v2\/posts\/29582","targetHints":{"allow":["GET"]}}],"collection":[{"href":"https:\/\/lahora.mx\/index.php\/wp-json\/wp\/v2\/posts"}],"about":[{"href":"https:\/\/lahora.mx\/index.php\/wp-json\/wp\/v2\/types\/post"}],"author":[{"embeddable":true,"href":"https:\/\/lahora.mx\/index.php\/wp-json\/wp\/v2\/users\/4"}],"replies":[{"embeddable":true,"href":"https:\/\/lahora.mx\/index.php\/wp-json\/wp\/v2\/comments?post=29582"}],"version-history":[{"count":1,"href":"https:\/\/lahora.mx\/index.php\/wp-json\/wp\/v2\/posts\/29582\/revisions"}],"predecessor-version":[{"id":29584,"href":"https:\/\/lahora.mx\/index.php\/wp-json\/wp\/v2\/posts\/29582\/revisions\/29584"}],"wp:featuredmedia":[{"embeddable":true,"href":"https:\/\/lahora.mx\/index.php\/wp-json\/wp\/v2\/media\/29583"}],"wp:attachment":[{"href":"https:\/\/lahora.mx\/index.php\/wp-json\/wp\/v2\/media?parent=29582"}],"wp:term":[{"taxonomy":"category","embeddable":true,"href":"https:\/\/lahora.mx\/index.php\/wp-json\/wp\/v2\/categories?post=29582"},{"taxonomy":"post_tag","embeddable":true,"href":"https:\/\/lahora.mx\/index.php\/wp-json\/wp\/v2\/tags?post=29582"}],"curies":[{"name":"wp","href":"https:\/\/api.w.org\/{rel}","templated":true}]}}