{"id":29576,"date":"2023-07-12T16:50:19","date_gmt":"2023-07-12T16:50:19","guid":{"rendered":"http:\/\/lahora.mx\/?p=29576"},"modified":"2023-07-12T16:50:19","modified_gmt":"2023-07-12T16:50:19","slug":"amlo-pide-que-investigue-a-la-empresa-de-xochitl-galvez","status":"publish","type":"post","link":"https:\/\/lahora.mx\/index.php\/2023\/07\/12\/amlo-pide-que-investigue-a-la-empresa-de-xochitl-galvez\/","title":{"rendered":"AMLO pide que investigue a la empresa de X\u00f3chitl G\u00e1lvez"},"content":{"rendered":"\n<p>El presidente Andr\u00e9s Manuel L\u00f3pez Obrador encabez\u00f3 la conferencia de prensa matutina este mi\u00e9rcoles 12 de julio desde Palacio Nacional, lo acompa\u00f1\u00f3 Ana Elizabeth Garc\u00eda Vilchis, titular de la secci\u00f3n \u2018Qui\u00e9n es qui\u00e9n en las mentiras de la semana\u2019.<br>El presidente Andr\u00e9s Manuel L\u00f3pez Obrador ret\u00f3 a Claudio X. Gonz\u00e1lez investigar -a trav\u00e9s de su empresa Mexicanos Contra la Corrupci\u00f3n- los contratos obtenidos por la empresa familiar de X\u00f3chitl G\u00e1lvez Ruiz, aspirante a la candidatura presidencial de la alianza PRI-PAN-PRD para las elecciones federales de 2024.<\/p>\n\n\n\n<p>Durante la conferencia de prensa matutina, el mandatario mexicano ironiz\u00f3 y dijo que MCCI puede realizar la investigaci\u00f3n pidiendo informaci\u00f3n al Instituto Nacional de Transparencia, Acceso a la Informaci\u00f3n y Protecci\u00f3n de Datos Personales (INAI).<\/p>\n\n\n\n<p>\u201cLe voy a pedir a Claudio X. Gonz\u00e1lez que haga una investigaci\u00f3n sobre la empresa de X\u00f3chitl y los contratos que ha recibido del gobierno cuando ella fue funcionaria del gobierno de Fox y cuando fue delegada de la alcald\u00eda Miguel Hidalgo. A eso se dedican, \u00bfno? Hacen investigaciones\u201d, desafi\u00f3 AMLO.<\/p>\n\n\n\n<p>\u00bfEnrique Alfaro \u2018le hace gui\u00f1os\u2019 a Morena? Esta es la raz\u00f3n por la que visit\u00f3 a AMLO<br>Enrique Alfaro visit\u00f3 al presidente L\u00f3pez Obrador en Palacio Nacional (Ciudad de M\u00e9xico) (Foto: Twitter\/@EnriqueAlfaroR)<br>En caso de que Mexicanos Contra la Corrupci\u00f3n no realice la investigaci\u00f3n, L\u00f3pez Obrador pidi\u00f3 a los reporteros presentes en la ma\u00f1anera a realizar las pesquisas.<\/p>\n\n\n\n<p>Asimismo, minimiz\u00f3 la denuncia que realiz\u00f3 X\u00f3chitl G\u00e1lvez en su contra por violencia de g\u00e9nero y afirm\u00f3 que \u00e9l \u201cno ofende a las mujeres\u201d, para despu\u00e9s dedicarle sarc\u00e1sticamente la canci\u00f3n Las Mujeres al Cielo, de Paco Sol\u00eds.<\/p>\n\n\n\n<p>AMLO promete castigar a responsables de muerte de ni\u00f1a en IMSS en Quintana Roo<br>El presidente Andr\u00e9s Manuel L\u00f3pez Obrador lament\u00f3 la muerte de una ni\u00f1a de seis a\u00f1os tras una falla de un elevador del hospital del IMSS No.18 en Playa del Carmen, Quintana Roo.<\/p>\n\n\n\n<p>\u201cMuy triste lo de la ni\u00f1a que muri\u00f3 atrapada en un elevador en Quintana Roo. Ya se est\u00e1 haciendo la investigaci\u00f3n, se va a castigar a los responsables. No puede haber impunidad\u201d, asegur\u00f3 AMLO.<\/p>\n\n\n\n<p>El mandatario tambi\u00e9n confirm\u00f3 que el elevador ten\u00eda un reporte por fallas; sin embargo, la empresa responsable del mantenimiento no lo arregl\u00f3 y tampoco dejaron se\u00f1alamientos de que no pod\u00eda usarse.<\/p>\n\n\n\n<p>\u201cSe va a abrir una investigaci\u00f3n. No es culpar por culpar, nosotros nunca actuamos as\u00ed, no se puede castigar a cualquier persona, no puede haber chivos expiatorios\u201d, declar\u00f3.<\/p>\n\n\n\n<p>AMLO celebra que se haya resuelto bloqueo en Autopista del Sol<br>En otro tema, el L\u00f3pez Obrador celebr\u00f3 que hayan terminado los bloqueos en la Autopista del Sol por parte de transportistas y manifestantes de diversas comunidades de Guerrero.<\/p>\n\n\n\n<p>Sin pregunta de por medio, el mandatario mexicano se\u00f1al\u00f3 que su gobierno est\u00e1 resolviendo problemas sociales con ayuda de la gente y puso como ejemplo el \u201cdi\u00e1logo\u201d que sostuvo su administraci\u00f3n con los manifestantes que bloquearon durante dos d\u00edas una de las v\u00edas m\u00e1s importantes del pa\u00eds y secuestraron a 13 servidores p\u00fablicos.<\/p>\n\n\n\n<p>\u201cAyer se resolvi\u00f3 muy bien lo de Guerrero; no se resolvi\u00f3 el problema, pero fue un avance. Se resolvi\u00f3 habl\u00e1ndole a la gente que no se dejara manipular, que detr\u00e1s de las supuestas demandas sociales est\u00e1 el inter\u00e9s de proteger a bandas de la delincuencia organizada\u201d, dijo AMLO en Palacio Nacional.<\/p>\n\n\n\n<p>\u201cLes agradezco mucho porque nos dieron su confianza\u201d, a\u00f1adi\u00f3.<\/p>\n\n\n\n<p>En este contexto, el jefe del Ejecutivo reiter\u00f3 que ya se liber\u00f3 a los servidores p\u00fablicos secuestrados en Chiapas; as\u00ed como a la cantante Nayeli Cinco.<\/p>\n\n\n\n<p>\u201cVamos a seguir atendiendo a desplazados y seguir procurando la paz en Chiapas. Es de los estados con menos incidencia delictiva en el pa\u00eds\u201d, afirm\u00f3.<\/p>\n\n\n\n<p>AMLO anuncia nueva visita de Elizabeth Sherwood-Randall a M\u00e9xico<br>Elizabeth Sherwood-Randall -asesora de Seguridad Nacional de la Casa Blanca de los Estados Unidos- visitar\u00e1 de nueva cuenta M\u00e9xico para dialogar con las autoridades mexicanas sobre el combate al tr\u00e1fico de fentanilo, inform\u00f3 AMLO.<\/p>\n\n\n\n<p>\u201cViene el 20 o 25 de este mes. Hay una reuni\u00f3n de parte nuestra, con Rosa Icela Rodr\u00edguez, que est\u00e1n trabajando de manera conjunta\u201d, indic\u00f3.<br>El presidente Andr\u00e9s Manuel L\u00f3pez Obrador revel\u00f3 que cuando Felipe Calder\u00f3n lleg\u00f3 a la direcci\u00f3n del Banco Nacional de Obras y Servicios P\u00fablicos (Banobras) lo primero que hizo fue otorgarse un cr\u00e9dito hipotecario de la instituci\u00f3n para comprarse una casa.<\/p>\n\n\n\n<p>\u201cSaben que Felipe Calder\u00f3n lleg\u00f3 a ser director de Banobras y lo primero que hizo fue darse un cr\u00e9dito a \u00e9l para comprar una casa. No le correspond\u00eda, s\u00ed hab\u00eda esa prestaci\u00f3n para los trabajadores de Banobras, pero ten\u00edan que tener un tiempo (laborando) y \u00e9l llegando llegando se hizo el cr\u00e9dito\u201d, acus\u00f3.<\/p>\n","protected":false},"excerpt":{"rendered":"<p>El presidente Andr\u00e9s Manuel L\u00f3pez Obrador encabez\u00f3 la conferencia de prensa matutina este mi\u00e9rcoles 12 de julio desde Palacio Nacional, lo acompa\u00f1\u00f3 Ana Elizabeth Garc\u00eda Vilchis, titular de la secci\u00f3n \u2018Qui\u00e9n es qui\u00e9n en las mentiras de la semana\u2019.El presidente Andr\u00e9s Manuel L\u00f3pez Obrador ret\u00f3 a Claudio X. Gonz\u00e1lez investigar -a trav\u00e9s de su empresa [&hellip;]<\/p>\n","protected":false},"author":4,"featured_media":29577,"comment_status":"open","ping_status":"open","sticky":false,"template":"","format":"standard","meta":{"om_disable_all_campaigns":false,"_monsterinsights_skip_tracking":false,"_monsterinsights_sitenote_active":false,"_monsterinsights_sitenote_note":"","_monsterinsights_sitenote_category":0,"footnotes":""},"categories":[176],"tags":[],"class_list":["post-29576","post","type-post","status-publish","format-standard","has-post-thumbnail","hentry","category-nacional"],"amp_enabled":true,"_links":{"self":[{"href":"https:\/\/lahora.mx\/index.php\/wp-json\/wp\/v2\/posts\/29576","targetHints":{"allow":["GET"]}}],"collection":[{"href":"https:\/\/lahora.mx\/index.php\/wp-json\/wp\/v2\/posts"}],"about":[{"href":"https:\/\/lahora.mx\/index.php\/wp-json\/wp\/v2\/types\/post"}],"author":[{"embeddable":true,"href":"https:\/\/lahora.mx\/index.php\/wp-json\/wp\/v2\/users\/4"}],"replies":[{"embeddable":true,"href":"https:\/\/lahora.mx\/index.php\/wp-json\/wp\/v2\/comments?post=29576"}],"version-history":[{"count":1,"href":"https:\/\/lahora.mx\/index.php\/wp-json\/wp\/v2\/posts\/29576\/revisions"}],"predecessor-version":[{"id":29578,"href":"https:\/\/lahora.mx\/index.php\/wp-json\/wp\/v2\/posts\/29576\/revisions\/29578"}],"wp:featuredmedia":[{"embeddable":true,"href":"https:\/\/lahora.mx\/index.php\/wp-json\/wp\/v2\/media\/29577"}],"wp:attachment":[{"href":"https:\/\/lahora.mx\/index.php\/wp-json\/wp\/v2\/media?parent=29576"}],"wp:term":[{"taxonomy":"category","embeddable":true,"href":"https:\/\/lahora.mx\/index.php\/wp-json\/wp\/v2\/categories?post=29576"},{"taxonomy":"post_tag","embeddable":true,"href":"https:\/\/lahora.mx\/index.php\/wp-json\/wp\/v2\/tags?post=29576"}],"curies":[{"name":"wp","href":"https:\/\/api.w.org\/{rel}","templated":true}]}}