{"id":29573,"date":"2023-07-12T16:44:56","date_gmt":"2023-07-12T16:44:56","guid":{"rendered":"http:\/\/lahora.mx\/?p=29573"},"modified":"2023-07-12T16:44:56","modified_gmt":"2023-07-12T16:44:56","slug":"cifra-de-muertos-sube-a-6-tras-el-ataque-en-tlajomulco-informa-enrique-alfaro","status":"publish","type":"post","link":"https:\/\/lahora.mx\/index.php\/2023\/07\/12\/cifra-de-muertos-sube-a-6-tras-el-ataque-en-tlajomulco-informa-enrique-alfaro\/","title":{"rendered":"Cifra de muertos sube a 6 tras el ataque en Tlajomulco, informa Enrique Alfaro"},"content":{"rendered":"\n<p>Enrique Alfaro, gobernador de Jalisco, rindi\u00f3 un informe la ma\u00f1ana de este mi\u00e9rcoles, luego de los hechos ocurridos en Tlacomulco, cuando un grupo de sujetos armados atacaron a personal de la Fiscal\u00eda del estado y de la Polic\u00eda municipal.<\/p>\n\n\n\n<p>\u201cDejaron hasta ahora, preliminarmente, un saldo de seis fallecidos y 12 personas heridas. Es un acto de terror brutal\u201d, apunt\u00f3 en su mensaje a medios.<\/p>\n\n\n\n<p>Afirm\u00f3 que cancelar\u00e1 una gira de trabajo que ten\u00eda programada para este d\u00eda y, en su lugar, acudir\u00e1 a Tlacomulco.<\/p>\n\n\n\n<p>Y explic\u00f3 c\u00f3mo y por qu\u00e9 es que sucedieron los hechos.<\/p>\n\n\n\n<p>Ni\u00f1a de 6 a\u00f1os muere aplastada en elevador del IMSS de Playa del Carmen<br>Autoridades de Quintana Roo investigan la muerte de una ni\u00f1a en un IMSS de Playa del Carmen.<br>\u201cEl d\u00eda de ayer, una ciudadana que participa en los colectivos de madres buscadoras recibi\u00f3 una denuncia an\u00f3nima dici\u00e9ndole que hab\u00eda un punto donde hab\u00eda presuntamente restos humanos. Esta ciudadana inform\u00f3 a las autoridades que, como siempre, atendimos el reporte y acudimos a revisar lo que ah\u00ed estaba sucediendo. Lo que sucedi\u00f3 es que fue una trampa para nuestros elementos\u201d, puntualiz\u00f3 Alfaro.<\/p>\n\n\n\n<p>La trampa consisti\u00f3 en que la llamada an\u00f3nima buscaba que el personal de la fiscal\u00eda y polic\u00edas asistieran a dicha zona para ser emboscados.<\/p>\n","protected":false},"excerpt":{"rendered":"<p>Enrique Alfaro, gobernador de Jalisco, rindi\u00f3 un informe la ma\u00f1ana de este mi\u00e9rcoles, luego de los hechos ocurridos en Tlacomulco, cuando un grupo de sujetos armados atacaron a personal de la Fiscal\u00eda del estado y de la Polic\u00eda municipal. \u201cDejaron hasta ahora, preliminarmente, un saldo de seis fallecidos y 12 personas heridas. Es un acto [&hellip;]<\/p>\n","protected":false},"author":4,"featured_media":29574,"comment_status":"open","ping_status":"open","sticky":false,"template":"","format":"standard","meta":{"om_disable_all_campaigns":false,"_monsterinsights_skip_tracking":false,"_monsterinsights_sitenote_active":false,"_monsterinsights_sitenote_note":"","_monsterinsights_sitenote_category":0,"footnotes":""},"categories":[176],"tags":[195],"class_list":["post-29573","post","type-post","status-publish","format-standard","has-post-thumbnail","hentry","category-nacional","tag-principal"],"amp_enabled":true,"_links":{"self":[{"href":"https:\/\/lahora.mx\/index.php\/wp-json\/wp\/v2\/posts\/29573","targetHints":{"allow":["GET"]}}],"collection":[{"href":"https:\/\/lahora.mx\/index.php\/wp-json\/wp\/v2\/posts"}],"about":[{"href":"https:\/\/lahora.mx\/index.php\/wp-json\/wp\/v2\/types\/post"}],"author":[{"embeddable":true,"href":"https:\/\/lahora.mx\/index.php\/wp-json\/wp\/v2\/users\/4"}],"replies":[{"embeddable":true,"href":"https:\/\/lahora.mx\/index.php\/wp-json\/wp\/v2\/comments?post=29573"}],"version-history":[{"count":1,"href":"https:\/\/lahora.mx\/index.php\/wp-json\/wp\/v2\/posts\/29573\/revisions"}],"predecessor-version":[{"id":29575,"href":"https:\/\/lahora.mx\/index.php\/wp-json\/wp\/v2\/posts\/29573\/revisions\/29575"}],"wp:featuredmedia":[{"embeddable":true,"href":"https:\/\/lahora.mx\/index.php\/wp-json\/wp\/v2\/media\/29574"}],"wp:attachment":[{"href":"https:\/\/lahora.mx\/index.php\/wp-json\/wp\/v2\/media?parent=29573"}],"wp:term":[{"taxonomy":"category","embeddable":true,"href":"https:\/\/lahora.mx\/index.php\/wp-json\/wp\/v2\/categories?post=29573"},{"taxonomy":"post_tag","embeddable":true,"href":"https:\/\/lahora.mx\/index.php\/wp-json\/wp\/v2\/tags?post=29573"}],"curies":[{"name":"wp","href":"https:\/\/api.w.org\/{rel}","templated":true}]}}