{"id":2954,"date":"2022-02-10T14:20:38","date_gmt":"2022-02-10T14:20:38","guid":{"rendered":"http:\/\/lahora.mx\/?p=2954"},"modified":"2022-02-10T14:20:39","modified_gmt":"2022-02-10T14:20:39","slug":"parquimetros-en-lugar-de-franeleros-analiza-eduardo-rivera","status":"publish","type":"post","link":"https:\/\/lahora.mx\/index.php\/2022\/02\/10\/parquimetros-en-lugar-de-franeleros-analiza-eduardo-rivera\/","title":{"rendered":"Parqu\u00edmetros en lugar de franeleros, analiza Eduardo Rivera"},"content":{"rendered":"\n<p>Los&nbsp;<strong>franeleros del Centro Hist\u00f3rico tambi\u00e9n ser\u00e1n regularizados<\/strong>, pues apartan lugares en la vialidad,<strong>&nbsp;tienen cobros excesivos&nbsp;<\/strong>y se han recibido quejas de ciudadanos por agresiones al momento de no querer pagar una cuota alta, por lo que como parte del&nbsp;<strong>reordenamiento integral se actuar\u00e1 en el tema<\/strong>, inform\u00f3&nbsp;<strong>el presidente municipal de Puebla, Eduardo Rivera P\u00e9rez.<\/strong><\/p>\n\n\n\n<p>El edil expuso que en su lugar podr\u00edan instalarse parqu\u00edmetros, ya que el comercio establecido ha pedido que se haga uso de ellos, puesto que podr\u00eda eficientar la movilidad en la capital poblana, ya que hay varios puntos en donde se apartan lugares y est\u00e1 pr\u00e1ctica se debe acabar.<br>En ese tenor, se pondr\u00e1 orden, pues en las calles hay veh\u00edculos que se quedan todo el d\u00eda, por lo que no es posible que se utilice as\u00ed la v\u00eda p\u00fablica.<br>En otro tenor, Rivera P\u00e9rez expuso que se contin\u00faa con el<strong>\u00a0reordenamiento de las trabajadoras sexuales,<\/strong>\u00a0por lo que en conjunto con Normatividad y la Secretar\u00eda de Gobernaci\u00f3n Municipal se les ofrecer\u00e1n espacios en donde ellas puedan ejercer su oficio.<br>Explic\u00f3 que ser\u00e1 en hoteles, moteles y casonas donde desarrollen su actividad, pero no en la v\u00eda p\u00fablica, ya que da\u00f1a la imagen del Centro Hist\u00f3rico y propicia la trata de personas en el coraz\u00f3n de la ciudad.<br>\u00ab<strong><em>En concreto, estamos tratando de persuadir que no se pongan en la calle, sino que lo hagan en los espacios p\u00fablicos en Regudonde ellas trabajen; tenemos perfectamente ubicados los lugares, hoteles, domicilios en donde las personas les cobran a las trabajadoras para realizar su actividad y trabajamos con el \u00e1rea de Normatividad para regular el tema<\/em><\/strong>\u00ab, declar\u00f3.<\/p>\n","protected":false},"excerpt":{"rendered":"<p>Los&nbsp;franeleros del Centro Hist\u00f3rico tambi\u00e9n ser\u00e1n regularizados, pues apartan lugares en la vialidad,&nbsp;tienen cobros excesivos&nbsp;y se han recibido quejas de ciudadanos por agresiones al momento de no querer pagar una cuota alta, por lo que como parte del&nbsp;reordenamiento integral se actuar\u00e1 en el tema, inform\u00f3&nbsp;el presidente municipal de Puebla, Eduardo Rivera P\u00e9rez. El edil expuso [&hellip;]<\/p>\n","protected":false},"author":4,"featured_media":2955,"comment_status":"open","ping_status":"open","sticky":false,"template":"","format":"standard","meta":{"om_disable_all_campaigns":false,"_monsterinsights_skip_tracking":false,"_monsterinsights_sitenote_active":false,"_monsterinsights_sitenote_note":"","_monsterinsights_sitenote_category":0,"footnotes":""},"categories":[175],"tags":[195],"class_list":["post-2954","post","type-post","status-publish","format-standard","has-post-thumbnail","hentry","category-local","tag-principal"],"amp_enabled":true,"_links":{"self":[{"href":"https:\/\/lahora.mx\/index.php\/wp-json\/wp\/v2\/posts\/2954","targetHints":{"allow":["GET"]}}],"collection":[{"href":"https:\/\/lahora.mx\/index.php\/wp-json\/wp\/v2\/posts"}],"about":[{"href":"https:\/\/lahora.mx\/index.php\/wp-json\/wp\/v2\/types\/post"}],"author":[{"embeddable":true,"href":"https:\/\/lahora.mx\/index.php\/wp-json\/wp\/v2\/users\/4"}],"replies":[{"embeddable":true,"href":"https:\/\/lahora.mx\/index.php\/wp-json\/wp\/v2\/comments?post=2954"}],"version-history":[{"count":1,"href":"https:\/\/lahora.mx\/index.php\/wp-json\/wp\/v2\/posts\/2954\/revisions"}],"predecessor-version":[{"id":2956,"href":"https:\/\/lahora.mx\/index.php\/wp-json\/wp\/v2\/posts\/2954\/revisions\/2956"}],"wp:featuredmedia":[{"embeddable":true,"href":"https:\/\/lahora.mx\/index.php\/wp-json\/wp\/v2\/media\/2955"}],"wp:attachment":[{"href":"https:\/\/lahora.mx\/index.php\/wp-json\/wp\/v2\/media?parent=2954"}],"wp:term":[{"taxonomy":"category","embeddable":true,"href":"https:\/\/lahora.mx\/index.php\/wp-json\/wp\/v2\/categories?post=2954"},{"taxonomy":"post_tag","embeddable":true,"href":"https:\/\/lahora.mx\/index.php\/wp-json\/wp\/v2\/tags?post=2954"}],"curies":[{"name":"wp","href":"https:\/\/api.w.org\/{rel}","templated":true}]}}