{"id":29531,"date":"2023-07-11T18:47:13","date_gmt":"2023-07-11T18:47:13","guid":{"rendered":"http:\/\/lahora.mx\/?p=29531"},"modified":"2023-07-11T18:47:13","modified_gmt":"2023-07-11T18:47:13","slug":"fosas-clandestinas-en-puebla-en-diferentes-partes-del-estado","status":"publish","type":"post","link":"https:\/\/lahora.mx\/index.php\/2023\/07\/11\/fosas-clandestinas-en-puebla-en-diferentes-partes-del-estado\/","title":{"rendered":"Fosas clandestinas en Puebla en diferentes partes del estado"},"content":{"rendered":"\n<p>El reciente hallazgo de una fosa clandestina en el mercado \u201cLa Cuchilla\u201d revive uno de los problemas de seguridad en Puebla m\u00e1s a\u00f1ejos y complicados.<\/p>\n\n\n\n<p>De acuerdo con una solicitud de informaci\u00f3n realizada por e-consulta, la Fiscal\u00eda General del Estado (FGE) registr\u00f3 12 fosas clandestinas en Puebla durante 2022 y hasta febrero de 2023 y de las cuales fueron extra\u00eddos seis cuerpos y 75 restos humanos o fragmentos.<br>A esta cifra se suma justo el entierro ubicado en La Cuchilla y confirmado por la propia Fiscal\u00eda como fosa clandestina, un d\u00eda despu\u00e9s de que la dependencia proporcionara los datos a esta casa editora.<\/p>\n\n\n\n<p>De tal forma que suman 13 las sepulturas fuera de la ley de 2022 a la fecha, cifra que contrasta con las ocho y 4 fosas de 2019 y 2020, lo mismo que con las 12 de 2021<br>En tanto que, de acuerdo con los datos de la Fiscal\u00eda proporcionados a e-consulta a trav\u00e9s de la solicitud de informaci\u00f3n, el a\u00f1o pasado hubo 11 fosas clandestinas en Puebla, distribuidas en los municipios de: Puebla (2); Huejotzingo (1); Tochtepec (1); San Salvador Huixcolotla (1); Venustiano Carranza (3); Tehuac\u00e1n (1); Iz\u00facar de Matamoros (1) y Palmar de Bravo (1)<\/p>\n\n\n\n<p>El 15 de febrero del 2022, en Santa Ana Xalmimilulco, Huejotzingo en un terreno junto al fraccionamiento Real de Segovia y Boulevard Aeropuerto de Huejotzingo, se localizaron 55 restos de un cuerpo humano y que de acuerdo con la fiscal\u00eda pertenec\u00edan a una mujer de 24 a 32 a\u00f1os.<\/p>\n\n\n\n<p>Entre julio y agosto se hall\u00f3 otra sepultura en Venustiano Carranza, a la altura de la Autopista M\u00e9xico-Veracruz, donde se localizaron 18 restos humanos o fragmentos de los cuales no se logr\u00f3 su identificaci\u00f3n.<\/p>\n\n\n\n<p>En octubre, se dio con otra fosa en el municipio de Iz\u00facar de Matamoros, donde hab\u00eda dos restos humanos o fragmentos.<\/p>\n\n\n\n<p>Mientras que, en septiembre, en Santa Cruz Acapa, Tehuac\u00e1n se localizaron cuatro cuerpos de los que a\u00fan se est\u00e1 por definir su sexo y edad.<\/p>\n\n\n\n<p>Para el mes de noviembre, en Palmar de Bravo se dio con otra fosa, en donde solo hab\u00eda un cuerpo, en el cual no se pudo dar con el sexo y la edad de la persona.<\/p>\n\n\n\n<p>En tanto que de las fosas localizadas en Puebla y en Tochtepec durante los meses de marzo y mayo se se\u00f1ala que a\u00fan est\u00e1n: \u201cpor definir, en espera de resultados antropol\u00f3gicos, toda vez que se localiz\u00f3 adherido a material\u201d.<\/p>\n\n\n\n<p>Fosas clandestinas en Puebla en 2023<br>Hasta el 28 de junio del 2023, la Fiscal\u00eda solo report\u00f3 que el pasado 11 de febrero se localiz\u00f3 una fosa, aunque su informaci\u00f3n fue imprecisa respecto a su ubicaci\u00f3n, pues en el documento se se\u00f1ala que fue tanto en el municipio de San Salvador El Verde y tambi\u00e9n en Huejotzingo, donde se encontr\u00f3 a un cuerpo, el cual est\u00e1 por definir su sexo y edad.<\/p>\n\n\n\n<p>Es de mencionar que el 29 de junio, un d\u00eda despu\u00e9s de que se otorgaran los datos de la solicitud de informaci\u00f3n, la FGE confirm\u00f3 el hallazgo de dos cuerpos en una fosa clandestina del mercado La Cuchilla durante un cateo implementado. Los restos humanos podr\u00edan tratarse del Caso Jocelin y David, el matrimonio que desapareci\u00f3 hace un a\u00f1o tras ir a comprar juguetes a dicho punto.<\/p>\n\n\n\n<p>Alejandro Garc\u00eda Badiola, fiscal especializado en Desaparici\u00f3n de Personas, explic\u00f3 que la fosa estaba cubierta por una loseta r\u00fastica, que al ser rota y levantada se procedi\u00f3 a escarbar. Fue as\u00ed como hallaron una cavidad de m\u00e1s de un metro de profundidad en la cual se encontraban los dos cad\u00e1veres, el de un hombre y una mujer, cubiertos con cal y en avanzado estado de descomposici\u00f3n. A los cuerpos localizados se les est\u00e1 practicando la neurocirug\u00eda de ley a fin de obtener los perfiles gen\u00e9ticos para identificarlos.<\/p>\n\n\n\n<p>De tal forma que en el primer semestre de 2023 las autoridades han localizado ya dos fosas clandestinas en Puebla.<\/p>\n","protected":false},"excerpt":{"rendered":"<p>El reciente hallazgo de una fosa clandestina en el mercado \u201cLa Cuchilla\u201d revive uno de los problemas de seguridad en Puebla m\u00e1s a\u00f1ejos y complicados. De acuerdo con una solicitud de informaci\u00f3n realizada por e-consulta, la Fiscal\u00eda General del Estado (FGE) registr\u00f3 12 fosas clandestinas en Puebla durante 2022 y hasta febrero de 2023 y [&hellip;]<\/p>\n","protected":false},"author":4,"featured_media":29532,"comment_status":"open","ping_status":"open","sticky":false,"template":"","format":"standard","meta":{"om_disable_all_campaigns":false,"_monsterinsights_skip_tracking":false,"_monsterinsights_sitenote_active":false,"_monsterinsights_sitenote_note":"","_monsterinsights_sitenote_category":0,"footnotes":""},"categories":[175],"tags":[223],"class_list":["post-29531","post","type-post","status-publish","format-standard","has-post-thumbnail","hentry","category-local","tag-puebla"],"amp_enabled":true,"_links":{"self":[{"href":"https:\/\/lahora.mx\/index.php\/wp-json\/wp\/v2\/posts\/29531","targetHints":{"allow":["GET"]}}],"collection":[{"href":"https:\/\/lahora.mx\/index.php\/wp-json\/wp\/v2\/posts"}],"about":[{"href":"https:\/\/lahora.mx\/index.php\/wp-json\/wp\/v2\/types\/post"}],"author":[{"embeddable":true,"href":"https:\/\/lahora.mx\/index.php\/wp-json\/wp\/v2\/users\/4"}],"replies":[{"embeddable":true,"href":"https:\/\/lahora.mx\/index.php\/wp-json\/wp\/v2\/comments?post=29531"}],"version-history":[{"count":1,"href":"https:\/\/lahora.mx\/index.php\/wp-json\/wp\/v2\/posts\/29531\/revisions"}],"predecessor-version":[{"id":29533,"href":"https:\/\/lahora.mx\/index.php\/wp-json\/wp\/v2\/posts\/29531\/revisions\/29533"}],"wp:featuredmedia":[{"embeddable":true,"href":"https:\/\/lahora.mx\/index.php\/wp-json\/wp\/v2\/media\/29532"}],"wp:attachment":[{"href":"https:\/\/lahora.mx\/index.php\/wp-json\/wp\/v2\/media?parent=29531"}],"wp:term":[{"taxonomy":"category","embeddable":true,"href":"https:\/\/lahora.mx\/index.php\/wp-json\/wp\/v2\/categories?post=29531"},{"taxonomy":"post_tag","embeddable":true,"href":"https:\/\/lahora.mx\/index.php\/wp-json\/wp\/v2\/tags?post=29531"}],"curies":[{"name":"wp","href":"https:\/\/api.w.org\/{rel}","templated":true}]}}