{"id":29528,"date":"2023-07-11T18:44:11","date_gmt":"2023-07-11T18:44:11","guid":{"rendered":"http:\/\/lahora.mx\/?p=29528"},"modified":"2023-07-11T18:44:11","modified_gmt":"2023-07-11T18:44:11","slug":"segundo-dia-de-bloqueo-en-autopista-del-sol","status":"publish","type":"post","link":"https:\/\/lahora.mx\/index.php\/2023\/07\/11\/segundo-dia-de-bloqueo-en-autopista-del-sol\/","title":{"rendered":"Segundo d\u00eda de Bloqueo  en autopista del Sol"},"content":{"rendered":"\n<p>En las primeras horas de este martes 11 de julio, un contingente conformado por pobladores de diversos municipios de Guerrero bloque\u00f3, por segundo d\u00eda consecurivo, la Autopista del Sol, en el tramo del libramiento Chilpancingo, kil\u00f3metro 278, Parador del Marqu\u00e9s.<\/p>\n\n\n\n<p>Los inconformes exigen, entre otras cosas, una mesa de di\u00e1logo con la gobernadora de Guerrero, Evelyn Salgado Pineda, y autoridades estatales, adem\u00e1s de la liberaci\u00f3n de dos sujetos detenidos hace una semana: Jes\u00fas \u2018N\u2019, alias \u2018El Topo\u2019 y Bernardo \u2018C\u2019, presuntos integrantes del grupo criminal \u2018Los ardillos\u2019.<br>Los habitantes que llevaron a cabo el bloqueo carretero retienen a 13 funcionarios estatales adem\u00e1s de un veh\u00edculo blindado, resultado de las exigencias por liberar a \u2018El Topo\u2019 y Bernardo \u2018C\u2019 y establecer un di\u00e1logo con las autoridades guerrerenses para resolver temas de presupuesto destinado a obras en la regi\u00f3n.<\/p>\n\n\n\n<p>\u00bfQui\u00e9n es \u2018El Topo\u2019?<br>Juan \u2018N\u2019, alias \u2018El Topo\u2019 y Bernardo \u2018C\u2019, fueron detenidos el pasado mi\u00e9rcoles 5 de julio en la capital del estado de Guerrero, Chilpancingo, en la carretera M\u00e9xico-Acapulco, por su probable responsabilidad por delitos de posesi\u00f3n de cartuchos y cargadores exclusivos del Ej\u00e9rcito y Fuerza A\u00e9rea, adem\u00e1s de delitos contra la salud en modalidad de transporte.<\/p>\n\n\n\n<p>Los ahora detenidos fung\u00edan como l\u00edderes transportistas de la entidad, adem\u00e1s, Juan \u2018N\u2019 era integrante de la Polic\u00eda Comunitaria Uni\u00f3n de Pueblos y Organizaciones del Estado de Guerrero (UPOEG), siendo \u00e9ste, supuestamente, un brazo armado de un grupo criminal de la regi\u00f3n conocido como \u2018Los ardillos\u2019.<\/p>\n\n\n\n<p>Reporte del bloqueo carretero en la Ma\u00f1anera<br>Al respecto, Rosa Icela Rodr\u00edguez, secretaria de Seguridad y Protecci\u00f3n Ciudadana, dijo en la ma\u00f1anera de hoy 11 de julio, que no se actuar\u00eda de manera violenta contra los manifestantes que bloquean la autopista M\u00e9xico-Acapulco.<\/p>\n\n\n\n<p>La secretaria de Seguridad mencion\u00f3 que, presuntamente, una parte de las personas que llevan a cabo el bloqueo fueron pagadas por el grupo criminal conocido como \u2018Los ardillos\u201d, adem\u00e1s de ser llevados al bloqueo bajo amenazas, para lograr liberar a los detenidos.<\/p>\n\n\n\n<p>Tanto ella como el presidente Andr\u00e9s Manuel L\u00f3pez Obrador sostienen que las mesas de di\u00e1logo con los manifestantes est\u00e1n abiertas, pero que la liberaci\u00f3n de Juan \u2018N\u2019 y Bernardo \u2018C\u2019 no depende de ellos, sino del juez que dictamine su sentencia.<\/p>\n\n\n\n<p>Es as\u00ed que esta ma\u00f1ana un grupo de manifestantes bloque\u00f3 por segundo d\u00eda consecutivo la autopista M\u00e9xico-Acapulco, a la altura del kil\u00f3metro 278, exigiendo la liberaci\u00f3n de Juan \u2018N\u2019 y Bernardo \u2018C\u2019, presuntos colaboradores criminales de la banda \u2018Los ardillos\u2019.<\/p>\n","protected":false},"excerpt":{"rendered":"<p>En las primeras horas de este martes 11 de julio, un contingente conformado por pobladores de diversos municipios de Guerrero bloque\u00f3, por segundo d\u00eda consecurivo, la Autopista del Sol, en el tramo del libramiento Chilpancingo, kil\u00f3metro 278, Parador del Marqu\u00e9s. Los inconformes exigen, entre otras cosas, una mesa de di\u00e1logo con la gobernadora de Guerrero, [&hellip;]<\/p>\n","protected":false},"author":4,"featured_media":29529,"comment_status":"open","ping_status":"open","sticky":false,"template":"","format":"standard","meta":{"om_disable_all_campaigns":false,"_monsterinsights_skip_tracking":false,"_monsterinsights_sitenote_active":false,"_monsterinsights_sitenote_note":"","_monsterinsights_sitenote_category":0,"footnotes":""},"categories":[175],"tags":[195,223],"class_list":["post-29528","post","type-post","status-publish","format-standard","has-post-thumbnail","hentry","category-local","tag-principal","tag-puebla"],"amp_enabled":true,"_links":{"self":[{"href":"https:\/\/lahora.mx\/index.php\/wp-json\/wp\/v2\/posts\/29528","targetHints":{"allow":["GET"]}}],"collection":[{"href":"https:\/\/lahora.mx\/index.php\/wp-json\/wp\/v2\/posts"}],"about":[{"href":"https:\/\/lahora.mx\/index.php\/wp-json\/wp\/v2\/types\/post"}],"author":[{"embeddable":true,"href":"https:\/\/lahora.mx\/index.php\/wp-json\/wp\/v2\/users\/4"}],"replies":[{"embeddable":true,"href":"https:\/\/lahora.mx\/index.php\/wp-json\/wp\/v2\/comments?post=29528"}],"version-history":[{"count":1,"href":"https:\/\/lahora.mx\/index.php\/wp-json\/wp\/v2\/posts\/29528\/revisions"}],"predecessor-version":[{"id":29530,"href":"https:\/\/lahora.mx\/index.php\/wp-json\/wp\/v2\/posts\/29528\/revisions\/29530"}],"wp:featuredmedia":[{"embeddable":true,"href":"https:\/\/lahora.mx\/index.php\/wp-json\/wp\/v2\/media\/29529"}],"wp:attachment":[{"href":"https:\/\/lahora.mx\/index.php\/wp-json\/wp\/v2\/media?parent=29528"}],"wp:term":[{"taxonomy":"category","embeddable":true,"href":"https:\/\/lahora.mx\/index.php\/wp-json\/wp\/v2\/categories?post=29528"},{"taxonomy":"post_tag","embeddable":true,"href":"https:\/\/lahora.mx\/index.php\/wp-json\/wp\/v2\/tags?post=29528"}],"curies":[{"name":"wp","href":"https:\/\/api.w.org\/{rel}","templated":true}]}}