{"id":29522,"date":"2023-07-11T17:56:11","date_gmt":"2023-07-11T17:56:11","guid":{"rendered":"http:\/\/lahora.mx\/?p=29522"},"modified":"2023-07-11T17:56:11","modified_gmt":"2023-07-11T17:56:11","slug":"regresan-a-mexico-estudiantes-de-la-salle-benavente-que-se-quedaron-varados-en-londres","status":"publish","type":"post","link":"https:\/\/lahora.mx\/index.php\/2023\/07\/11\/regresan-a-mexico-estudiantes-de-la-salle-benavente-que-se-quedaron-varados-en-londres\/","title":{"rendered":"Regresan a M\u00e9xico estudiantes de La Salle Benavente que se quedaron varados en Londres"},"content":{"rendered":"\n<p>Nueve estudiantes de La Salle Benavente Puebla que estaban varados en el Aeropuerto internacional de Londres, Inglaterra por dos d\u00edas, llegaron esta madrugada a la terminal a\u00e9rea de la Ciudad de M\u00e9xico (CDMX), mientras cinco que faltaban lo hicieron m\u00e1s tarde, en las siguientes horas, revel\u00f3 el gobernador del estado de Puebla, Sergio Salom\u00f3n C\u00e9spedes Peregrina.<\/p>\n\n\n\n<p>En rueda de prensa, C\u00e9spedes Peregrina detall\u00f3 que la instituci\u00f3n educativa es la que ha asumido la situaci\u00f3n, despu\u00e9s de que una agencia de viaje presuntamente incumpliera en entregarle los boletos de regreso a los \u201cLasallistas\u201d.<br>\u00abMe informan que alumnos de secundaria y bachillerato llegaron a las 2:55 horas de la Ciudad de M\u00e9xico y que cinco estudiantes m\u00e1s estar\u00e1n llegando a las 10:30 horas. El gobierno ha estado dando seguimiento, sin embargo, la responsabilidad es del colegio y ya ha dado cuenta de ello, y nos da mucho gusto que ya est\u00e9n aqu\u00ed\u201d.<\/p>\n\n\n\n<p>Cabe recordar que un comunicado oficial de la instituci\u00f3n inform\u00f3 que, ante la falta de soluci\u00f3n por parte de la empresa SET Education Pathways, se ha dado seguimiento al caso en lo que los estudiantes esperan regresar a M\u00e9xico.<\/p>\n\n\n\n<p>\u201cDesde la salida del grupo de estudiantes, se ha brindado un constante seguimiento y acompa\u00f1amiento a los docentes que viajaron a cargo de nuestras alumnas y alumnos, con la intenci\u00f3n de apoyarlos e todas las necesidades que pudieran surgir\u201d, precis\u00f3 La Salle Benavente.<\/p>\n","protected":false},"excerpt":{"rendered":"<p>Nueve estudiantes de La Salle Benavente Puebla que estaban varados en el Aeropuerto internacional de Londres, Inglaterra por dos d\u00edas, llegaron esta madrugada a la terminal a\u00e9rea de la Ciudad de M\u00e9xico (CDMX), mientras cinco que faltaban lo hicieron m\u00e1s tarde, en las siguientes horas, revel\u00f3 el gobernador del estado de Puebla, Sergio Salom\u00f3n C\u00e9spedes [&hellip;]<\/p>\n","protected":false},"author":4,"featured_media":29523,"comment_status":"open","ping_status":"open","sticky":false,"template":"","format":"standard","meta":{"om_disable_all_campaigns":false,"_monsterinsights_skip_tracking":false,"_monsterinsights_sitenote_active":false,"_monsterinsights_sitenote_note":"","_monsterinsights_sitenote_category":0,"footnotes":""},"categories":[175],"tags":[195,223],"class_list":["post-29522","post","type-post","status-publish","format-standard","has-post-thumbnail","hentry","category-local","tag-principal","tag-puebla"],"amp_enabled":true,"_links":{"self":[{"href":"https:\/\/lahora.mx\/index.php\/wp-json\/wp\/v2\/posts\/29522","targetHints":{"allow":["GET"]}}],"collection":[{"href":"https:\/\/lahora.mx\/index.php\/wp-json\/wp\/v2\/posts"}],"about":[{"href":"https:\/\/lahora.mx\/index.php\/wp-json\/wp\/v2\/types\/post"}],"author":[{"embeddable":true,"href":"https:\/\/lahora.mx\/index.php\/wp-json\/wp\/v2\/users\/4"}],"replies":[{"embeddable":true,"href":"https:\/\/lahora.mx\/index.php\/wp-json\/wp\/v2\/comments?post=29522"}],"version-history":[{"count":1,"href":"https:\/\/lahora.mx\/index.php\/wp-json\/wp\/v2\/posts\/29522\/revisions"}],"predecessor-version":[{"id":29524,"href":"https:\/\/lahora.mx\/index.php\/wp-json\/wp\/v2\/posts\/29522\/revisions\/29524"}],"wp:featuredmedia":[{"embeddable":true,"href":"https:\/\/lahora.mx\/index.php\/wp-json\/wp\/v2\/media\/29523"}],"wp:attachment":[{"href":"https:\/\/lahora.mx\/index.php\/wp-json\/wp\/v2\/media?parent=29522"}],"wp:term":[{"taxonomy":"category","embeddable":true,"href":"https:\/\/lahora.mx\/index.php\/wp-json\/wp\/v2\/categories?post=29522"},{"taxonomy":"post_tag","embeddable":true,"href":"https:\/\/lahora.mx\/index.php\/wp-json\/wp\/v2\/tags?post=29522"}],"curies":[{"name":"wp","href":"https:\/\/api.w.org\/{rel}","templated":true}]}}