{"id":2951,"date":"2022-02-10T14:12:58","date_gmt":"2022-02-10T14:12:58","guid":{"rendered":"http:\/\/lahora.mx\/?p=2951"},"modified":"2022-02-10T14:12:59","modified_gmt":"2022-02-10T14:12:59","slug":"muere-menor-en-tecamachalco-por-8-impactos-de-bala","status":"publish","type":"post","link":"https:\/\/lahora.mx\/index.php\/2022\/02\/10\/muere-menor-en-tecamachalco-por-8-impactos-de-bala\/","title":{"rendered":"Muere menor en Tecamachalco por 8 impactos de bala"},"content":{"rendered":"\n<p>Un&nbsp;<strong>menor de edad perdi\u00f3 la vida tras ser atacado a balazos&nbsp;<\/strong>en el barrio San Sebasti\u00e1n, del municipio de Tecamachalco; la&nbsp;<strong>v\u00edctima contin\u00faa en calidad de desconocido&nbsp;<\/strong>en el anfiteatro municipal en espera que sea reclamado.<\/p>\n\n\n\n<p>De acuerdo con la informaci\u00f3n recopilada, fue<strong>\u00a0una llamada telef\u00f3nica an\u00f3nima la cual reporto un hombre lesionado<\/strong>\u00a0por proyectil de arma de fuego en calle 19 Norte entre 2 y 4 Poniente<strong>\u00a0en el barrio San Sebasti\u00e1n<\/strong>\u00a0de esta ciudad, solicitando la intervenci\u00f3n de los cuerpos de emergencia, la ma\u00f1ana de este martes.<br>Param\u00e9dicos del municipio fueron los encargados de\u00a0<strong>brindar atenci\u00f3n prehospitalaria al var\u00f3n,\u00a0<\/strong>quien derivado de las lesiones que presentaba\u00a0<strong>fue traslado de urgencias al Hospital General de la ciudad\u00a0<\/strong>para recibir atenci\u00f3n m\u00e9dica.<\/p>\n\n\n\n<p>Sin embargo, horas despu\u00e9s se report\u00f3 su fallecimiento, ya que<strong>\u00a0la v\u00edctima present\u00f3 al menos ocho heridas de balas,<\/strong>\u00a0mismas le arrebataron su existencia, por tanto tanto agentes del Ministerio P\u00fablico arribo al nosocomio a realizar el levantamiento del cuerpo. Lo anterior la tarde de ayer.<br>Tras el ingreso del cad\u00e1ver al anfiteatro municipal, fuentes extraoficiales dieron a conocer que\u00a0<strong>el var\u00f3n pudiera tratarse de un menor de edad,\u00a0<\/strong>derivado de sus rasgos f\u00edsicos y complexi\u00f3n, el cual hasta este mi\u00e9rcoles no hab\u00eda sido reclamado el cuerpo.<br>En tanto personal ministerial inicio ante la FGE una carpeta de investigaci\u00f3n para esclarecer el m\u00f3vil del crimen y as\u00ed dar con el paradero de los responsables del homicidio.<\/p>\n","protected":false},"excerpt":{"rendered":"<p>Un&nbsp;menor de edad perdi\u00f3 la vida tras ser atacado a balazos&nbsp;en el barrio San Sebasti\u00e1n, del municipio de Tecamachalco; la&nbsp;v\u00edctima contin\u00faa en calidad de desconocido&nbsp;en el anfiteatro municipal en espera que sea reclamado. De acuerdo con la informaci\u00f3n recopilada, fue\u00a0una llamada telef\u00f3nica an\u00f3nima la cual reporto un hombre lesionado\u00a0por proyectil de arma de fuego en [&hellip;]<\/p>\n","protected":false},"author":4,"featured_media":2952,"comment_status":"open","ping_status":"open","sticky":false,"template":"","format":"standard","meta":{"om_disable_all_campaigns":false,"_monsterinsights_skip_tracking":false,"_monsterinsights_sitenote_active":false,"_monsterinsights_sitenote_note":"","_monsterinsights_sitenote_category":0,"footnotes":""},"categories":[175],"tags":[],"class_list":["post-2951","post","type-post","status-publish","format-standard","has-post-thumbnail","hentry","category-local"],"amp_enabled":true,"_links":{"self":[{"href":"https:\/\/lahora.mx\/index.php\/wp-json\/wp\/v2\/posts\/2951","targetHints":{"allow":["GET"]}}],"collection":[{"href":"https:\/\/lahora.mx\/index.php\/wp-json\/wp\/v2\/posts"}],"about":[{"href":"https:\/\/lahora.mx\/index.php\/wp-json\/wp\/v2\/types\/post"}],"author":[{"embeddable":true,"href":"https:\/\/lahora.mx\/index.php\/wp-json\/wp\/v2\/users\/4"}],"replies":[{"embeddable":true,"href":"https:\/\/lahora.mx\/index.php\/wp-json\/wp\/v2\/comments?post=2951"}],"version-history":[{"count":1,"href":"https:\/\/lahora.mx\/index.php\/wp-json\/wp\/v2\/posts\/2951\/revisions"}],"predecessor-version":[{"id":2953,"href":"https:\/\/lahora.mx\/index.php\/wp-json\/wp\/v2\/posts\/2951\/revisions\/2953"}],"wp:featuredmedia":[{"embeddable":true,"href":"https:\/\/lahora.mx\/index.php\/wp-json\/wp\/v2\/media\/2952"}],"wp:attachment":[{"href":"https:\/\/lahora.mx\/index.php\/wp-json\/wp\/v2\/media?parent=2951"}],"wp:term":[{"taxonomy":"category","embeddable":true,"href":"https:\/\/lahora.mx\/index.php\/wp-json\/wp\/v2\/categories?post=2951"},{"taxonomy":"post_tag","embeddable":true,"href":"https:\/\/lahora.mx\/index.php\/wp-json\/wp\/v2\/tags?post=2951"}],"curies":[{"name":"wp","href":"https:\/\/api.w.org\/{rel}","templated":true}]}}