{"id":29467,"date":"2023-07-10T18:19:08","date_gmt":"2023-07-10T18:19:08","guid":{"rendered":"http:\/\/lahora.mx\/?p=29467"},"modified":"2023-07-10T18:19:08","modified_gmt":"2023-07-10T18:19:08","slug":"precios-al-productor-bajan-0-87-anual-por-primera-ocasion-desde-el-2015","status":"publish","type":"post","link":"https:\/\/lahora.mx\/index.php\/2023\/07\/10\/precios-al-productor-bajan-0-87-anual-por-primera-ocasion-desde-el-2015\/","title":{"rendered":"Precios al productor bajan 0.87% anual por primera ocasi\u00f3n desde el 2015"},"content":{"rendered":"\n<p>La apreciaci\u00f3n del peso frente al d\u00f3lar, as\u00ed como un menor precio de las materias primas en comparaci\u00f3n con hace un a\u00f1o, y menores costos log\u00edsticos, hicieron que los precios a los productores cayeran en junio, por primera vez, desde marzo del 2015, de acuerdo con la informaci\u00f3n divulgada por el Instituto Nacional de Estad\u00edstica y Geograf\u00eda (Inegi).<\/p>\n\n\n\n<p>En junio, el \u00cdndice Nacional de Precios al Productor (INPP), incluyendo petr\u00f3leo, disminuy\u00f3 0.31% en comparaci\u00f3n con el mes previo.<\/p>\n\n\n\n<p>Lo anterior hizo que, en comparaci\u00f3n anual, los precios a los productores mexicanos mostrar\u00e1n una disminuci\u00f3n de 0.87%, la primera vez desde marzo del 2015 cuando los precios cayeron 0.13 por ciento.<\/p>\n\n\n\n<p>Alejandro Salda\u00f1a, subdirector de An\u00e1lisis Econ\u00f3mico de Ve por M\u00e1s (Bx+), explic\u00f3 que la ca\u00edda de precios se debi\u00f3 a tres factores.<\/p>\n\n\n\n<p>El primero de ellos es la menor cotizaci\u00f3n de las materias primas, cuyos precios se dispararon el a\u00f1o pasado ante la invasi\u00f3n de Rusia a Ucrania y, actualmente, pese a que la guerra contin\u00faa, empiezan a estabilizarse.<\/p>\n\n\n\n<p>Por otro lado, tambi\u00e9n ayud\u00f3 la disminuci\u00f3n de los costos log\u00edsticos, los cuales tambi\u00e9n se vieron afectados durante la pandemia del Covid-19.<\/p>\n\n\n\n<p>Por \u00faltimo, destac\u00f3 el llamado s\u00faperpeso, lo cual tambi\u00e9n beneficia a los productores al disminuir el precio de ciertos productos importados dado que, en junio, el d\u00f3lar cerr\u00f3 en un nivel alrededor de los 17.09 pesos.<\/p>\n\n\n\n<p>Los datos del Inegi mostraron que en el mes, el \u00cdndice de Mercanc\u00edas y Servicios de Uso Intermedio, incluyendo petr\u00f3leo, disminuy\u00f3 0.60% mensual, mientras que a tasa anual la ca\u00edda fue de 4.61 por ciento.<\/p>\n\n\n\n<p>Por otro lado, el \u00cdndice de Mercanc\u00edas y Servicios Finales, incluyendo petr\u00f3leo, tambi\u00e9n disminuy\u00f3 en comparaci\u00f3n mensual. La diferencia fue de 0.20% respecto a mayo, mientras que en comparaci\u00f3n anual aument\u00f3 en 0.66 por ciento.<\/p>\n\n\n\n<p>Precios caen en las industrias<br>Al interior del reporte se observ\u00f3 que los precios a los productores cayeron en el sector secundario, es decir, en las industrias. Lo reportado por el Inegi mostr\u00f3 una disminuci\u00f3n mensual de 0.66%, mientras que a tasa anual fue de 3.99 por ciento.<\/p>\n\n\n\n<p>A detalle, en su comparaci\u00f3n anual destac\u00f3 la ca\u00edda de precios de 35.7% anual de la industria de la miner\u00eda, mientras que en la industria manufacturera se observ\u00f3 una reducci\u00f3n de precios de 1.31 por ciento.<\/p>\n\n\n\n<p>En tanto, los precios para la construcci\u00f3n aumentaron 2.18% anual, y los de la generaci\u00f3n, transmisi\u00f3n y distribuci\u00f3n de electricidad, agua y gas crecieron 6.55 por ciento.<\/p>\n\n\n\n<p>En el caso de las actividades primarias, donde se engloba aquello relacionado a la caza, agricultura, pesca y similares, hubo una reducci\u00f3n de 0.29% mensual en junio, mientras que a tasa anual los precios aumentaron en 4.33 por ciento.<\/p>\n\n\n\n<p>Las actividades terciarias, que son el sector servicios, presentaron en el sexto mes del a\u00f1o un aumento mensual de 0.37%, con lo que a tasa anual se encarecieron en 4.68 por ciento.<\/p>\n\n\n\n<p>De los 10 sectores de servicios que considera el Inegi, s\u00f3lo el de medios masivos de informaci\u00f3n mostr\u00f3 una disminuci\u00f3n anual en junio, de 1.29 por ciento.<\/p>\n\n\n\n<p>En el otro extremo, el servicio en donde se observ\u00f3 un mayor incremento anual fue el de alojamiento temporal y preparaci\u00f3n de alimentos y bebidas, con 8.66 por ciento.<\/p>\n","protected":false},"excerpt":{"rendered":"<p>La apreciaci\u00f3n del peso frente al d\u00f3lar, as\u00ed como un menor precio de las materias primas en comparaci\u00f3n con hace un a\u00f1o, y menores costos log\u00edsticos, hicieron que los precios a los productores cayeran en junio, por primera vez, desde marzo del 2015, de acuerdo con la informaci\u00f3n divulgada por el Instituto Nacional de Estad\u00edstica [&hellip;]<\/p>\n","protected":false},"author":4,"featured_media":29468,"comment_status":"open","ping_status":"open","sticky":false,"template":"","format":"standard","meta":{"om_disable_all_campaigns":false,"_monsterinsights_skip_tracking":false,"_monsterinsights_sitenote_active":false,"_monsterinsights_sitenote_note":"","_monsterinsights_sitenote_category":0,"footnotes":""},"categories":[176],"tags":[29],"class_list":["post-29467","post","type-post","status-publish","format-standard","has-post-thumbnail","hentry","category-nacional","tag-business"],"amp_enabled":true,"_links":{"self":[{"href":"https:\/\/lahora.mx\/index.php\/wp-json\/wp\/v2\/posts\/29467","targetHints":{"allow":["GET"]}}],"collection":[{"href":"https:\/\/lahora.mx\/index.php\/wp-json\/wp\/v2\/posts"}],"about":[{"href":"https:\/\/lahora.mx\/index.php\/wp-json\/wp\/v2\/types\/post"}],"author":[{"embeddable":true,"href":"https:\/\/lahora.mx\/index.php\/wp-json\/wp\/v2\/users\/4"}],"replies":[{"embeddable":true,"href":"https:\/\/lahora.mx\/index.php\/wp-json\/wp\/v2\/comments?post=29467"}],"version-history":[{"count":1,"href":"https:\/\/lahora.mx\/index.php\/wp-json\/wp\/v2\/posts\/29467\/revisions"}],"predecessor-version":[{"id":29469,"href":"https:\/\/lahora.mx\/index.php\/wp-json\/wp\/v2\/posts\/29467\/revisions\/29469"}],"wp:featuredmedia":[{"embeddable":true,"href":"https:\/\/lahora.mx\/index.php\/wp-json\/wp\/v2\/media\/29468"}],"wp:attachment":[{"href":"https:\/\/lahora.mx\/index.php\/wp-json\/wp\/v2\/media?parent=29467"}],"wp:term":[{"taxonomy":"category","embeddable":true,"href":"https:\/\/lahora.mx\/index.php\/wp-json\/wp\/v2\/categories?post=29467"},{"taxonomy":"post_tag","embeddable":true,"href":"https:\/\/lahora.mx\/index.php\/wp-json\/wp\/v2\/tags?post=29467"}],"curies":[{"name":"wp","href":"https:\/\/api.w.org\/{rel}","templated":true}]}}