{"id":2939,"date":"2022-02-09T21:25:06","date_gmt":"2022-02-09T21:25:06","guid":{"rendered":"http:\/\/lahora.mx\/?p=2939"},"modified":"2022-02-09T21:25:07","modified_gmt":"2022-02-09T21:25:07","slug":"renuncia-de-rios-piter-barbosa-la-califica-como-un-acto-de-buena-fe","status":"publish","type":"post","link":"https:\/\/lahora.mx\/index.php\/2022\/02\/09\/renuncia-de-rios-piter-barbosa-la-califica-como-un-acto-de-buena-fe\/","title":{"rendered":"Renuncia de R\u00edos Piter Barbosa la califica  como un acto de buena fe"},"content":{"rendered":"\n<p>El gobernador<strong>&nbsp;Luis Miguel Barbosa<\/strong>&nbsp;calific\u00f3 la renuncia de Armando R\u00edos Piter a la rector\u00eda de la UDLAP como&nbsp;<strong>\u201cun acto de buena fe<\/strong>\u201d que contribuir\u00e1 a normalizar las actividades de ese centro de estudios.<\/p>\n\n\n\n<p>En su conferencia matutina, el mandatario dijo : \u201c tengo aprecio personal por Armando R\u00edos Piter. S\u00e9 que lo hace (renunciar) como un asunto de buena fe para contribuir\u00a0<strong>a la soluci\u00f3n del conflicto solamente en lo que respecta al inter\u00e9s de la comunidad universitaria\u201d.<\/strong><br><br>Barbosa dijo que con esa decisi\u00f3n, \u201cya no hay m\u00e1s obst\u00e1culos que impidan el retorno de las actividades normales en el campus de la udlap\u201d.<br>Tambi\u00e9n exhort\u00f3 \u2013sin referirse a alguien en particular- a que no se siga hablando de obst\u00e1culos como\u00a0<strong>forma de presi\u00f3n para resolver litigios<\/strong>. \u201cQue se queden los litigios en el curso legal que deben tener y que la universidad asuma las condiciones de normalidad para todas las actividades acad\u00e9micas que le corresponden\u201d, dijo Barbosa<\/p>\n\n\n\n<p>Armando R\u00edos Piter renunci\u00f3 a la rector\u00eda de la Universidad de las Am\u00e9ricas Puebla (UDLAP), cargo avalado por el patronato encabezado por&nbsp;<strong>Horacio Maga\u00f1a Mart\u00ednez<\/strong>&nbsp;que por fin entregar\u00e1 el campus a&nbsp;<strong>Cecilia Anaya Berrios<\/strong>, rectora interina reconocida por el patronato liderado por&nbsp;<strong>Margarita Jenkins de Landa.<\/strong><\/p>\n","protected":false},"excerpt":{"rendered":"<p>El gobernador&nbsp;Luis Miguel Barbosa&nbsp;calific\u00f3 la renuncia de Armando R\u00edos Piter a la rector\u00eda de la UDLAP como&nbsp;\u201cun acto de buena fe\u201d que contribuir\u00e1 a normalizar las actividades de ese centro de estudios. En su conferencia matutina, el mandatario dijo : \u201c tengo aprecio personal por Armando R\u00edos Piter. S\u00e9 que lo hace (renunciar) como un [&hellip;]<\/p>\n","protected":false},"author":4,"featured_media":2940,"comment_status":"open","ping_status":"open","sticky":false,"template":"","format":"standard","meta":{"om_disable_all_campaigns":false,"_monsterinsights_skip_tracking":false,"_monsterinsights_sitenote_active":false,"_monsterinsights_sitenote_note":"","_monsterinsights_sitenote_category":0,"footnotes":""},"categories":[175],"tags":[195],"class_list":["post-2939","post","type-post","status-publish","format-standard","has-post-thumbnail","hentry","category-local","tag-principal"],"amp_enabled":true,"_links":{"self":[{"href":"https:\/\/lahora.mx\/index.php\/wp-json\/wp\/v2\/posts\/2939","targetHints":{"allow":["GET"]}}],"collection":[{"href":"https:\/\/lahora.mx\/index.php\/wp-json\/wp\/v2\/posts"}],"about":[{"href":"https:\/\/lahora.mx\/index.php\/wp-json\/wp\/v2\/types\/post"}],"author":[{"embeddable":true,"href":"https:\/\/lahora.mx\/index.php\/wp-json\/wp\/v2\/users\/4"}],"replies":[{"embeddable":true,"href":"https:\/\/lahora.mx\/index.php\/wp-json\/wp\/v2\/comments?post=2939"}],"version-history":[{"count":1,"href":"https:\/\/lahora.mx\/index.php\/wp-json\/wp\/v2\/posts\/2939\/revisions"}],"predecessor-version":[{"id":2941,"href":"https:\/\/lahora.mx\/index.php\/wp-json\/wp\/v2\/posts\/2939\/revisions\/2941"}],"wp:featuredmedia":[{"embeddable":true,"href":"https:\/\/lahora.mx\/index.php\/wp-json\/wp\/v2\/media\/2940"}],"wp:attachment":[{"href":"https:\/\/lahora.mx\/index.php\/wp-json\/wp\/v2\/media?parent=2939"}],"wp:term":[{"taxonomy":"category","embeddable":true,"href":"https:\/\/lahora.mx\/index.php\/wp-json\/wp\/v2\/categories?post=2939"},{"taxonomy":"post_tag","embeddable":true,"href":"https:\/\/lahora.mx\/index.php\/wp-json\/wp\/v2\/tags?post=2939"}],"curies":[{"name":"wp","href":"https:\/\/api.w.org\/{rel}","templated":true}]}}