{"id":29259,"date":"2023-07-06T18:05:57","date_gmt":"2023-07-06T18:05:57","guid":{"rendered":"http:\/\/lahora.mx\/?p=29259"},"modified":"2023-07-06T18:05:58","modified_gmt":"2023-07-06T18:05:58","slug":"renuncia-subsecretario-para-america-del-norte-y-el-caribe-para-unirse-a-ebrard","status":"publish","type":"post","link":"https:\/\/lahora.mx\/index.php\/2023\/07\/06\/renuncia-subsecretario-para-america-del-norte-y-el-caribe-para-unirse-a-ebrard\/","title":{"rendered":"Renuncia subsecretario para Am\u00e9rica del Norte y El Caribe para unirse a Ebrard"},"content":{"rendered":"\n<p>El subsecretario para Am\u00e9rica del Norte y El Caribe, Maximiliano Reyes Zu\u00f1iga, renunci\u00f3 este jueves al cargo para sumarse a las aspiraciones de Marcelo Ebrard por la coordinaci\u00f3n nacional de los Comit\u00e9s de Defensa de la 4T.<\/p>\n\n\n\n<p>En acuerdo con la @SRE_mx @aliciabarcena dejo el cargo de Subsecretario para Am\u00e9rica Latina y el Caribe del @GobiernoMX Agradezco al Presidente @lopezobrador_ su apoyo para recuperar el liderazgo de M\u00e9xico en el mundo y para seguir acompa\u00f1ando a @m_ebrard en la transformaci\u00f3n de M\u00e9xico\u201d.<\/p>\n\n\n\n<p>Mi agradecimiento a mi equipo en la Subsecretar\u00eda, a l@s extraordinari@s Embajador@s de M\u00e9xico en la regi\u00f3n, al cuerpo Diplom\u00e1tico del GRULAC en M\u00e9xico, a l@s funcionarios de la @sremx con qui\u00e9nes compart\u00ed retos en estos 5 a\u00f1os. Al @senadomexicano de la Rep\u00fablica por su respaldo\u201d.<\/p>\n\n\n\n<p>La salida de Maximiliano Reyes se suma a la de Martha Delgado, ex subsecretaria para Asuntos Multilaterales; Carlos Candelaria, director de Oficinas de Pasaportes; Daniel Mill\u00e1n, ex jefe de la Oficina del canciller y Esteban Gonz\u00e1lez, director de Comunicaci\u00f3n Social, que hoy forman parte de la campa\u00f1a de Ebrard que busca ganar el proceso interno de Morena.<br>La semana pasada, Roberto Velasco, jefe de la Unidad para Am\u00e9rica del Norte confirm\u00f3 a Exc\u00e9lsior que por petici\u00f3n de la nueva canciller Alicia B\u00e1rcena seguir\u00e1 al frente de esta \u00e1rea que actualmente junto a sus colegas de Estados Unidos y Canad\u00e1 prepara las siguientes reuniones trilaterales, como el Di\u00e1logo de Alto Nivel para seguridad y el Di\u00e1logo de Alto Nivel en materia econ\u00f3mica que se desarrollar\u00e1n en el mes de octubre.<\/p>\n\n\n\n<p>Adicionalmente, apoyan en la organizaci\u00f3n de la Cumbre de L\u00edderes de Am\u00e9rica del Norte a celebrarse en noviembre pr\u00f3ximo en Canad\u00e1 a la que asistir\u00e1n los presidentes Joe Biden, Andr\u00e9s Manuel L\u00f3pez Obrador y el anfitri\u00f3n, el primer ministro Justin Trudeau.<\/p>\n","protected":false},"excerpt":{"rendered":"<p>El subsecretario para Am\u00e9rica del Norte y El Caribe, Maximiliano Reyes Zu\u00f1iga, renunci\u00f3 este jueves al cargo para sumarse a las aspiraciones de Marcelo Ebrard por la coordinaci\u00f3n nacional de los Comit\u00e9s de Defensa de la 4T. En acuerdo con la @SRE_mx @aliciabarcena dejo el cargo de Subsecretario para Am\u00e9rica Latina y el Caribe del [&hellip;]<\/p>\n","protected":false},"author":4,"featured_media":29260,"comment_status":"open","ping_status":"open","sticky":false,"template":"","format":"standard","meta":{"om_disable_all_campaigns":false,"_monsterinsights_skip_tracking":false,"_monsterinsights_sitenote_active":false,"_monsterinsights_sitenote_note":"","_monsterinsights_sitenote_category":0,"footnotes":""},"categories":[176],"tags":[128],"class_list":["post-29259","post","type-post","status-publish","format-standard","has-post-thumbnail","hentry","category-nacional","tag-politics"],"amp_enabled":true,"_links":{"self":[{"href":"https:\/\/lahora.mx\/index.php\/wp-json\/wp\/v2\/posts\/29259","targetHints":{"allow":["GET"]}}],"collection":[{"href":"https:\/\/lahora.mx\/index.php\/wp-json\/wp\/v2\/posts"}],"about":[{"href":"https:\/\/lahora.mx\/index.php\/wp-json\/wp\/v2\/types\/post"}],"author":[{"embeddable":true,"href":"https:\/\/lahora.mx\/index.php\/wp-json\/wp\/v2\/users\/4"}],"replies":[{"embeddable":true,"href":"https:\/\/lahora.mx\/index.php\/wp-json\/wp\/v2\/comments?post=29259"}],"version-history":[{"count":1,"href":"https:\/\/lahora.mx\/index.php\/wp-json\/wp\/v2\/posts\/29259\/revisions"}],"predecessor-version":[{"id":29261,"href":"https:\/\/lahora.mx\/index.php\/wp-json\/wp\/v2\/posts\/29259\/revisions\/29261"}],"wp:featuredmedia":[{"embeddable":true,"href":"https:\/\/lahora.mx\/index.php\/wp-json\/wp\/v2\/media\/29260"}],"wp:attachment":[{"href":"https:\/\/lahora.mx\/index.php\/wp-json\/wp\/v2\/media?parent=29259"}],"wp:term":[{"taxonomy":"category","embeddable":true,"href":"https:\/\/lahora.mx\/index.php\/wp-json\/wp\/v2\/categories?post=29259"},{"taxonomy":"post_tag","embeddable":true,"href":"https:\/\/lahora.mx\/index.php\/wp-json\/wp\/v2\/tags?post=29259"}],"curies":[{"name":"wp","href":"https:\/\/api.w.org\/{rel}","templated":true}]}}