{"id":29179,"date":"2023-07-05T16:51:41","date_gmt":"2023-07-05T16:51:41","guid":{"rendered":"http:\/\/lahora.mx\/?p=29179"},"modified":"2023-07-05T16:51:41","modified_gmt":"2023-07-05T16:51:41","slug":"mexico-registra-record-en-secuestro-de-mujeres","status":"publish","type":"post","link":"https:\/\/lahora.mx\/index.php\/2023\/07\/05\/mexico-registra-record-en-secuestro-de-mujeres\/","title":{"rendered":"M\u00e9xico registra r\u00e9cord en secuestro de mujeres"},"content":{"rendered":"\n<p class=\"wp-block-paragraph\">Un promedio de dos mujeres al d\u00eda fueron privadas de su libertad durante el mes de mayo de este a\u00f1o, cifra que supone un r\u00e9cord en el pa\u00eds, dado que no se hab\u00eda registrado tal n\u00famero en los \u00faltimos a\u00f1os.<\/p>\n\n\n\n<p class=\"wp-block-paragraph\">De acuerdo con el Secretariado Ejecutivo del Sistema Nacional de Seguridad P\u00fablica (SESNSP), en mayo se registraron 55 casos de secuestro a mujeres en M\u00e9xico, lo que supone un alza del 150 por ciento en comparaci\u00f3n con el mes anterior, es decir, en abril del 2023, donde se reportaron 22 casos.<\/p>\n\n\n\n<p class=\"wp-block-paragraph\">Hasta el momento, el mes con m\u00e1s n\u00famero de secuestros durante el sexenio del presidente Andr\u00e9s Manuel L\u00f3pez Obrador hab\u00eda sido diciembre de 2018 con 51 casos, no obstante, el mes de mayo de este a\u00f1o ha superado dicha cifra.<br>De enero a mayo de 2023 se reportaron 125 mujeres victimas de secuestro en M\u00e9xico, lo que supone un aumento del 75 por ciento respecto al mismo periodo en el a\u00f1o 2022, cuando se registraron 71 casos denunciados ante las fiscal\u00edas o procuradur\u00edas de cada estado.<\/p>\n\n\n\n<p class=\"wp-block-paragraph\">Las entidades que lideran respecto a los casos de secuestro de mujeres son Sonora con 56, la Ciudad de M\u00e9xico con 22, Chihuahua con 11, el Estado de M\u00e9xico con siete y Oaxaca con cinco.<\/p>\n","protected":false},"excerpt":{"rendered":"<p>Un promedio de dos mujeres al d\u00eda fueron privadas de su libertad durante el mes de mayo de este a\u00f1o, cifra que supone un r\u00e9cord en el pa\u00eds, dado que no se hab\u00eda registrado tal n\u00famero en los \u00faltimos a\u00f1os. De acuerdo con el Secretariado Ejecutivo del Sistema Nacional de Seguridad P\u00fablica (SESNSP), en mayo [&hellip;]<\/p>\n","protected":false},"author":4,"featured_media":29180,"comment_status":"open","ping_status":"open","sticky":false,"template":"","format":"standard","meta":{"om_disable_all_campaigns":false,"_monsterinsights_skip_tracking":false,"footnotes":""},"categories":[176],"tags":[195],"class_list":["post-29179","post","type-post","status-publish","format-standard","has-post-thumbnail","hentry","category-nacional","tag-principal"],"amp_enabled":true,"_links":{"self":[{"href":"https:\/\/lahora.mx\/index.php\/wp-json\/wp\/v2\/posts\/29179","targetHints":{"allow":["GET"]}}],"collection":[{"href":"https:\/\/lahora.mx\/index.php\/wp-json\/wp\/v2\/posts"}],"about":[{"href":"https:\/\/lahora.mx\/index.php\/wp-json\/wp\/v2\/types\/post"}],"author":[{"embeddable":true,"href":"https:\/\/lahora.mx\/index.php\/wp-json\/wp\/v2\/users\/4"}],"replies":[{"embeddable":true,"href":"https:\/\/lahora.mx\/index.php\/wp-json\/wp\/v2\/comments?post=29179"}],"version-history":[{"count":1,"href":"https:\/\/lahora.mx\/index.php\/wp-json\/wp\/v2\/posts\/29179\/revisions"}],"predecessor-version":[{"id":29181,"href":"https:\/\/lahora.mx\/index.php\/wp-json\/wp\/v2\/posts\/29179\/revisions\/29181"}],"wp:featuredmedia":[{"embeddable":true,"href":"https:\/\/lahora.mx\/index.php\/wp-json\/wp\/v2\/media\/29180"}],"wp:attachment":[{"href":"https:\/\/lahora.mx\/index.php\/wp-json\/wp\/v2\/media?parent=29179"}],"wp:term":[{"taxonomy":"category","embeddable":true,"href":"https:\/\/lahora.mx\/index.php\/wp-json\/wp\/v2\/categories?post=29179"},{"taxonomy":"post_tag","embeddable":true,"href":"https:\/\/lahora.mx\/index.php\/wp-json\/wp\/v2\/tags?post=29179"}],"curies":[{"name":"wp","href":"https:\/\/api.w.org\/{rel}","templated":true}]}}