{"id":29173,"date":"2023-07-05T16:41:19","date_gmt":"2023-07-05T16:41:19","guid":{"rendered":"http:\/\/lahora.mx\/?p=29173"},"modified":"2023-07-05T16:41:20","modified_gmt":"2023-07-05T16:41:20","slug":"jose-angel-gurria-anuncia-frente-amplio-por-mexico","status":"publish","type":"post","link":"https:\/\/lahora.mx\/index.php\/2023\/07\/05\/jose-angel-gurria-anuncia-frente-amplio-por-mexico\/","title":{"rendered":"Jos\u00e9 \u00c1ngel Gurr\u00eda, anuncia Frente Amplio por M\u00e9xico"},"content":{"rendered":"\n<p>Los dirigentes del PRI, Alejandro Moreno; del PRD, Jes\u00fas Zambrano; y del PAN, Marko Cort\u00e9s, informaron que se reunieron con Jos\u00e9 \u00c1ngel Gurr\u00eda, luego de que les anunci\u00f3 su decisi\u00f3n de no contender en el proceso interno para definir al responsable de la construcci\u00f3n del Frente Amplio por M\u00e9xico.<\/p>\n\n\n\n<p>En un comunicado, dieron a conocer que le pidieron a Gurr\u00eda integrar un grupo de expertos y especialistas para que aporten con su visi\u00f3n y profesionalismo, a la construcci\u00f3n de un gobierno de cambio positivo para M\u00e9xico.<\/p>\n\n\n\n<p>Luego de que el exsecretario de la Organizaci\u00f3n para la Cooperaci\u00f3n y el Desarrollo Econ\u00f3micos (OCDE) decidiera no competir en el proceso de selecci\u00f3n del Responsable para la Construcci\u00f3n del Frente Amplio por M\u00e9xico, los l\u00edderes partidistas le pidieron coadyuvar en plantear los lineamientos de lo que ser\u00e1 un primer gobierno de coalici\u00f3n en M\u00e9xico.<\/p>\n\n\n\n<p>\u201cEs urgente que se lleve a cabo un proyecto de reconstrucci\u00f3n del pa\u00eds ante los p\u00e9simos resultados en los cinco a\u00f1os del gobierno de L\u00f3pez Obrador en materia de seguridad, econom\u00eda, salud, \u00edndice de pobreza y educaci\u00f3n, entre otros\u201d, coincidieron.<\/p>\n\n\n\n<p>Finalmente, los dirigentes agradecieron a Jos\u00e9 \u00c1ngel Gurr\u00eda su disposici\u00f3n a colaborar en este proyecto, que requiere de un perfil apartidista con amplia experiencia y con reconocimiento internacional, para poder aglutinar a los mejores acad\u00e9micos, especialistas y expertos para construir con las mejores ideas el mejor proyecto para que M\u00e9xico salga adelante.<\/p>\n","protected":false},"excerpt":{"rendered":"<p>Los dirigentes del PRI, Alejandro Moreno; del PRD, Jes\u00fas Zambrano; y del PAN, Marko Cort\u00e9s, informaron que se reunieron con Jos\u00e9 \u00c1ngel Gurr\u00eda, luego de que les anunci\u00f3 su decisi\u00f3n de no contender en el proceso interno para definir al responsable de la construcci\u00f3n del Frente Amplio por M\u00e9xico. En un comunicado, dieron a conocer [&hellip;]<\/p>\n","protected":false},"author":4,"featured_media":29174,"comment_status":"open","ping_status":"open","sticky":false,"template":"","format":"standard","meta":{"om_disable_all_campaigns":false,"_monsterinsights_skip_tracking":false,"_monsterinsights_sitenote_active":false,"_monsterinsights_sitenote_note":"","_monsterinsights_sitenote_category":0,"footnotes":""},"categories":[175,176],"tags":[195],"class_list":["post-29173","post","type-post","status-publish","format-standard","has-post-thumbnail","hentry","category-local","category-nacional","tag-principal"],"amp_enabled":true,"_links":{"self":[{"href":"https:\/\/lahora.mx\/index.php\/wp-json\/wp\/v2\/posts\/29173","targetHints":{"allow":["GET"]}}],"collection":[{"href":"https:\/\/lahora.mx\/index.php\/wp-json\/wp\/v2\/posts"}],"about":[{"href":"https:\/\/lahora.mx\/index.php\/wp-json\/wp\/v2\/types\/post"}],"author":[{"embeddable":true,"href":"https:\/\/lahora.mx\/index.php\/wp-json\/wp\/v2\/users\/4"}],"replies":[{"embeddable":true,"href":"https:\/\/lahora.mx\/index.php\/wp-json\/wp\/v2\/comments?post=29173"}],"version-history":[{"count":1,"href":"https:\/\/lahora.mx\/index.php\/wp-json\/wp\/v2\/posts\/29173\/revisions"}],"predecessor-version":[{"id":29175,"href":"https:\/\/lahora.mx\/index.php\/wp-json\/wp\/v2\/posts\/29173\/revisions\/29175"}],"wp:featuredmedia":[{"embeddable":true,"href":"https:\/\/lahora.mx\/index.php\/wp-json\/wp\/v2\/media\/29174"}],"wp:attachment":[{"href":"https:\/\/lahora.mx\/index.php\/wp-json\/wp\/v2\/media?parent=29173"}],"wp:term":[{"taxonomy":"category","embeddable":true,"href":"https:\/\/lahora.mx\/index.php\/wp-json\/wp\/v2\/categories?post=29173"},{"taxonomy":"post_tag","embeddable":true,"href":"https:\/\/lahora.mx\/index.php\/wp-json\/wp\/v2\/tags?post=29173"}],"curies":[{"name":"wp","href":"https:\/\/api.w.org\/{rel}","templated":true}]}}