{"id":29161,"date":"2023-07-05T00:08:34","date_gmt":"2023-07-05T00:08:34","guid":{"rendered":"http:\/\/lahora.mx\/?p=29161"},"modified":"2023-07-05T00:08:34","modified_gmt":"2023-07-05T00:08:34","slug":"aumenta-venta-de-autos-en-vw-y-audi-en-el-primer-semestre-del-ano","status":"publish","type":"post","link":"https:\/\/lahora.mx\/index.php\/2023\/07\/05\/aumenta-venta-de-autos-en-vw-y-audi-en-el-primer-semestre-del-ano\/","title":{"rendered":"Aumenta venta de autos en VW y Audi en el primer semestre del a\u00f1o"},"content":{"rendered":"\n<p>Durante el primer semestre de 2023, Audi y Volkswagen incrementaron su venta de autom\u00f3viles en un 23.5 por ciento y un 7.2 por ciento, respectivamente, a comparaci\u00f3n del mismo periodo de 2022, inform\u00f3 el Instituto Nacional de Estad\u00edstica y Geograf\u00eda (INEGI).<\/p>\n\n\n\n<p>A trav\u00e9s del Registro Administrativo de la Industria Automotriz de Veh\u00edculos Ligeros (RAIAVL) se detall\u00f3 que la compa\u00f1\u00eda de los cuatro aros logr\u00f3 comercializar de enero a junio del presente a\u00f1o 6 mil 328 unidades.<\/p>\n\n\n\n<p>Te recomendamos: Audi Go Green, la iniciativa para impulsar el cuidado del medio ambiente<br>La cifra anterior representa que la firma alemana tuvo un aumento de mil 205 unidades vendidas respecto al a\u00f1o pasado, donde su registro total alcanz\u00f3 los 5 mil 123 autos.<\/p>\n\n\n\n<p>El n\u00famero actual fue catalogado por el instituto como el m\u00e1s alto de los \u00faltimos seis a\u00f1os, es decir, desde el primer semestre de 2018, donde se vendieron 6 mil 943 unidades.<\/p>\n\n\n\n<p>En Audi, los autom\u00f3viles de mayor demanda han sido el A1, A3, Q2 y Q5; este \u00faltimo, producido en su planta del estado de Puebla, ubicada en el municipio de San Jos\u00e9 Chiapa.<\/p>\n\n\n\n<p>Sobre la situaci\u00f3n en su empresa hermana, Volkswagen, el instituto inform\u00f3 que en el periodo de enero a junio del presente a\u00f1o comercializ\u00f3 un total de 51 mil 809 autom\u00f3viles.<\/p>\n\n\n\n<p>Lo anterior muestra un incremento en ventas de 3 mil 501 veh\u00edculos respecto al a\u00f1o pasado, donde la firma alemana report\u00f3 48 mil 308 unidades que fueron acomodadas en el mercado nacional.<\/p>\n\n\n\n<p>A pesar de esta mejor\u00eda, Volkswagen contin\u00faa con niveles por debajo de los que ten\u00eda antes de la llegada de la pandemia por la Covid-19, es decir, en 2019, donde se vendieron 68 mil 238 autos.<\/p>\n","protected":false},"excerpt":{"rendered":"<p>Durante el primer semestre de 2023, Audi y Volkswagen incrementaron su venta de autom\u00f3viles en un 23.5 por ciento y un 7.2 por ciento, respectivamente, a comparaci\u00f3n del mismo periodo de 2022, inform\u00f3 el Instituto Nacional de Estad\u00edstica y Geograf\u00eda (INEGI). A trav\u00e9s del Registro Administrativo de la Industria Automotriz de Veh\u00edculos Ligeros (RAIAVL) se [&hellip;]<\/p>\n","protected":false},"author":4,"featured_media":29162,"comment_status":"open","ping_status":"open","sticky":false,"template":"","format":"standard","meta":{"om_disable_all_campaigns":false,"_monsterinsights_skip_tracking":false,"_monsterinsights_sitenote_active":false,"_monsterinsights_sitenote_note":"","_monsterinsights_sitenote_category":0,"footnotes":""},"categories":[175],"tags":[29,223],"class_list":["post-29161","post","type-post","status-publish","format-standard","has-post-thumbnail","hentry","category-local","tag-business","tag-puebla"],"amp_enabled":true,"_links":{"self":[{"href":"https:\/\/lahora.mx\/index.php\/wp-json\/wp\/v2\/posts\/29161","targetHints":{"allow":["GET"]}}],"collection":[{"href":"https:\/\/lahora.mx\/index.php\/wp-json\/wp\/v2\/posts"}],"about":[{"href":"https:\/\/lahora.mx\/index.php\/wp-json\/wp\/v2\/types\/post"}],"author":[{"embeddable":true,"href":"https:\/\/lahora.mx\/index.php\/wp-json\/wp\/v2\/users\/4"}],"replies":[{"embeddable":true,"href":"https:\/\/lahora.mx\/index.php\/wp-json\/wp\/v2\/comments?post=29161"}],"version-history":[{"count":1,"href":"https:\/\/lahora.mx\/index.php\/wp-json\/wp\/v2\/posts\/29161\/revisions"}],"predecessor-version":[{"id":29163,"href":"https:\/\/lahora.mx\/index.php\/wp-json\/wp\/v2\/posts\/29161\/revisions\/29163"}],"wp:featuredmedia":[{"embeddable":true,"href":"https:\/\/lahora.mx\/index.php\/wp-json\/wp\/v2\/media\/29162"}],"wp:attachment":[{"href":"https:\/\/lahora.mx\/index.php\/wp-json\/wp\/v2\/media?parent=29161"}],"wp:term":[{"taxonomy":"category","embeddable":true,"href":"https:\/\/lahora.mx\/index.php\/wp-json\/wp\/v2\/categories?post=29161"},{"taxonomy":"post_tag","embeddable":true,"href":"https:\/\/lahora.mx\/index.php\/wp-json\/wp\/v2\/tags?post=29161"}],"curies":[{"name":"wp","href":"https:\/\/api.w.org\/{rel}","templated":true}]}}