{"id":29155,"date":"2023-07-04T23:55:43","date_gmt":"2023-07-04T23:55:43","guid":{"rendered":"http:\/\/lahora.mx\/?p=29155"},"modified":"2023-07-04T23:55:44","modified_gmt":"2023-07-04T23:55:44","slug":"descarta-edmundo-tlatehui-cambios-en-gabinete-de-san-andres-cholula","status":"publish","type":"post","link":"https:\/\/lahora.mx\/index.php\/2023\/07\/04\/descarta-edmundo-tlatehui-cambios-en-gabinete-de-san-andres-cholula\/","title":{"rendered":"Descarta Edmundo Tlatehui cambios en gabinete de San Andr\u00e9s Cholula"},"content":{"rendered":"\n<p>No habr\u00e1 cambios por el momento en el gabinete de Edmundo Tlatehui Percino del ayuntamiento de San Andr\u00e9s Cholula, al cumplirse el primer semestre de 2023.<\/p>\n\n\n\n<p>En entrevista con medios locales, el alcalde sanandrese\u00f1o asegur\u00f3 que no tiene previstos cambios en su gabinete municipal.<\/p>\n\n\n\n<p>Sin embargo, aclar\u00f3 que todos est\u00e1n sujetos a evaluaci\u00f3n constantemente, pero hasta ahora han dado resultados, \u201cno tengo en mente un cambio m\u00e1s\u201d, sostuvo.<\/p>\n\n\n\n<p>\u201cNo tenemos previstos, estamos trabajando, estamos iniciando la segunda parte de este a\u00f1o, buscamos cerrar con todo, llegar muy fortalecidos al segundo informe de gobierno\u201d, indic\u00f3.<\/p>\n\n\n\n<p>\u201cDe momento no preveo cambios en el gabinete, los que se encuentran hoy cuentan con mi confianza\u201d, subray\u00f3.<\/p>\n\n\n\n<p>Anteriormente, el alcalde pidi\u00f3 a los trabajadores de la comuna a continuar dando su mejor esfuerzo para cumplir las metas establecidas en el segundo semestre de 2023, en beneficio de las familias sanandrese\u00f1as.<\/p>\n\n\n\n<p>Durante la Ceremonia C\u00edvica del mes de julio, entreg\u00f3 reconocimientos e incentivos econ\u00f3micos a los estudiantes con mejores promedios de instituciones edutativas.<\/p>\n\n\n\n<p>Tlatehui Percino, refiri\u00f3 que el Gobierno que encabeza tiene el firme compromiso de satisfacer las demandas de los sanandrese\u00f1os, a fin de lograr un cambio de rumbo en el municipio.<\/p>\n\n\n\n<p>\u201cDando lo mejor de nosotros mismos en beneficio de quienes nos dieron su confianza y nos siguen dando su apoyo, que son las y los sanandrese\u00f1os\u201d, afirm\u00f3 el edil.<\/p>\n\n\n\n<p>\u201cEn esta administraci\u00f3n p\u00fablica honramos la legalidad y la justicia mediante un gobierno pr\u00f3ximo a las y los sanandrese\u00f1os, sin distinciones ni favoritismos\u201d, puntualiz\u00f3 Mundo Tlatehui.<\/p>\n\n\n\n<p>Al acto asistieron Felisa Jaramillo Romero, s\u00edndico municipal, regidores, regidoras, integrantes del gabinete municipal, trabajadores y trabajadoras del Ayuntamiento; docentes y estudiantes que participaron en el presente a\u00f1o en el programa \u201cUn D\u00eda con el Presidente\u201d.<\/p>\n\n\n\n<p>En otro tema, el edil afirm\u00f3 que hubo saldo blanco en el Festival Cultura y Tradici\u00f3n, donde se celebr\u00f3 la bajada de la virgen de los Remedios al municipio sanandrese\u00f1o.<\/p>\n\n\n\n<p>A la par, agradeci\u00f3 a todos los visitantes a la feria parroquial, as\u00ed como a los sanandrese\u00f1os que participaron en esta festividad.<\/p>\n","protected":false},"excerpt":{"rendered":"<p>No habr\u00e1 cambios por el momento en el gabinete de Edmundo Tlatehui Percino del ayuntamiento de San Andr\u00e9s Cholula, al cumplirse el primer semestre de 2023. En entrevista con medios locales, el alcalde sanandrese\u00f1o asegur\u00f3 que no tiene previstos cambios en su gabinete municipal. Sin embargo, aclar\u00f3 que todos est\u00e1n sujetos a evaluaci\u00f3n constantemente, pero [&hellip;]<\/p>\n","protected":false},"author":4,"featured_media":29156,"comment_status":"open","ping_status":"open","sticky":false,"template":"","format":"standard","meta":{"om_disable_all_campaigns":false,"_monsterinsights_skip_tracking":false,"_monsterinsights_sitenote_active":false,"_monsterinsights_sitenote_note":"","_monsterinsights_sitenote_category":0,"footnotes":""},"categories":[175],"tags":[234,223],"class_list":["post-29155","post","type-post","status-publish","format-standard","has-post-thumbnail","hentry","category-local","tag-cholula","tag-puebla"],"amp_enabled":true,"_links":{"self":[{"href":"https:\/\/lahora.mx\/index.php\/wp-json\/wp\/v2\/posts\/29155","targetHints":{"allow":["GET"]}}],"collection":[{"href":"https:\/\/lahora.mx\/index.php\/wp-json\/wp\/v2\/posts"}],"about":[{"href":"https:\/\/lahora.mx\/index.php\/wp-json\/wp\/v2\/types\/post"}],"author":[{"embeddable":true,"href":"https:\/\/lahora.mx\/index.php\/wp-json\/wp\/v2\/users\/4"}],"replies":[{"embeddable":true,"href":"https:\/\/lahora.mx\/index.php\/wp-json\/wp\/v2\/comments?post=29155"}],"version-history":[{"count":1,"href":"https:\/\/lahora.mx\/index.php\/wp-json\/wp\/v2\/posts\/29155\/revisions"}],"predecessor-version":[{"id":29157,"href":"https:\/\/lahora.mx\/index.php\/wp-json\/wp\/v2\/posts\/29155\/revisions\/29157"}],"wp:featuredmedia":[{"embeddable":true,"href":"https:\/\/lahora.mx\/index.php\/wp-json\/wp\/v2\/media\/29156"}],"wp:attachment":[{"href":"https:\/\/lahora.mx\/index.php\/wp-json\/wp\/v2\/media?parent=29155"}],"wp:term":[{"taxonomy":"category","embeddable":true,"href":"https:\/\/lahora.mx\/index.php\/wp-json\/wp\/v2\/categories?post=29155"},{"taxonomy":"post_tag","embeddable":true,"href":"https:\/\/lahora.mx\/index.php\/wp-json\/wp\/v2\/tags?post=29155"}],"curies":[{"name":"wp","href":"https:\/\/api.w.org\/{rel}","templated":true}]}}