{"id":29149,"date":"2023-07-04T23:01:44","date_gmt":"2023-07-04T23:01:44","guid":{"rendered":"http:\/\/lahora.mx\/?p=29149"},"modified":"2023-07-04T23:01:44","modified_gmt":"2023-07-04T23:01:44","slug":"visita-la-gobernadora-lorena-cuellar-la-empresa-antextextil-en-cix-iii-de-tlaxco","status":"publish","type":"post","link":"https:\/\/lahora.mx\/index.php\/2023\/07\/04\/visita-la-gobernadora-lorena-cuellar-la-empresa-antextextil-en-cix-iii-de-tlaxco\/","title":{"rendered":"Visita la gobernadora Lorena Cu\u00e9llar la empresa antextextil en CIX III de Tlaxco"},"content":{"rendered":"\n<p>La gobernadora Lorena Cu\u00e9llar Cisneros visit\u00f3 las instalaciones de la empresa espa\u00f1ola AntexTextil, ubicada en Ciudad Industrial Xicoht\u00e9ncatl (CIX) III, en el municipio de Tlaxco, dedicada a la fabricaci\u00f3n de hilos sint\u00e9ticos para la industria automotriz y textil.<\/p>\n\n\n\n<p>Acompa\u00f1ada por el titular de la Secretar\u00eda de Desarrollo Econ\u00f3mico (Sedeco), Javier Marroqu\u00edn Calder\u00f3n y directivos de la compa\u00f1\u00eda, \u00c1ngel Hereu Tarr\u00e9s y Jos\u00e9 Manuel Pombo, realiz\u00f3 un recorrido por las instalaciones para conocer los procesos y productos que se efect\u00faan.<\/p>\n\n\n\n<p>Cu\u00e9llar Cisneros escuch\u00f3 a los representantes de la empresa sobre la importante inversi\u00f3n que realizan en Tlaxcala, pues tan solo durante 2022 y el primer semestre de 2023 han invertido m\u00e1s de 400 millones de pesos. Por ello, refrend\u00f3 su compromiso de brindar todas las facilidades necesarias.<\/p>\n\n\n\n<p>En su oportunidad, Marroqu\u00edn Calder\u00f3n afirm\u00f3 que la empresa le ha apostado a la entidad desde 2011, a\u00f1o en la que se instal\u00f3 en el parque industrial y que desde entonces ha generado diversas fuentes de empleo.<\/p>\n\n\n\n<p>Por tal motivo, refiri\u00f3 que \u201cla visita es importante porque es una empresa que ha invertido bastante fuerte y la gobernadora debe tener conocimiento de todas las empresas importantes e internacionales que tenemos instaladas en nuestro estado\u201d.<\/p>\n\n\n\n<p>AntexTexil es una empresa que fabrica hilos sint\u00e9ticos para la industria automotriz y la industria del vestido y calzado que tiene presencia en Espa\u00f1a, M\u00e9xico y Brasil, siendo Tlaxcala el \u00fanico estado del pa\u00eds que percibe inversi\u00f3n de esta empresa.<\/p>\n","protected":false},"excerpt":{"rendered":"<p>La gobernadora Lorena Cu\u00e9llar Cisneros visit\u00f3 las instalaciones de la empresa espa\u00f1ola AntexTextil, ubicada en Ciudad Industrial Xicoht\u00e9ncatl (CIX) III, en el municipio de Tlaxco, dedicada a la fabricaci\u00f3n de hilos sint\u00e9ticos para la industria automotriz y textil. Acompa\u00f1ada por el titular de la Secretar\u00eda de Desarrollo Econ\u00f3mico (Sedeco), Javier Marroqu\u00edn Calder\u00f3n y directivos de [&hellip;]<\/p>\n","protected":false},"author":4,"featured_media":29150,"comment_status":"open","ping_status":"open","sticky":false,"template":"","format":"standard","meta":{"om_disable_all_campaigns":false,"_monsterinsights_skip_tracking":false,"_monsterinsights_sitenote_active":false,"_monsterinsights_sitenote_note":"","_monsterinsights_sitenote_category":0,"footnotes":""},"categories":[175],"tags":[210],"class_list":["post-29149","post","type-post","status-publish","format-standard","has-post-thumbnail","hentry","category-local","tag-tlaxcala"],"amp_enabled":true,"_links":{"self":[{"href":"https:\/\/lahora.mx\/index.php\/wp-json\/wp\/v2\/posts\/29149","targetHints":{"allow":["GET"]}}],"collection":[{"href":"https:\/\/lahora.mx\/index.php\/wp-json\/wp\/v2\/posts"}],"about":[{"href":"https:\/\/lahora.mx\/index.php\/wp-json\/wp\/v2\/types\/post"}],"author":[{"embeddable":true,"href":"https:\/\/lahora.mx\/index.php\/wp-json\/wp\/v2\/users\/4"}],"replies":[{"embeddable":true,"href":"https:\/\/lahora.mx\/index.php\/wp-json\/wp\/v2\/comments?post=29149"}],"version-history":[{"count":1,"href":"https:\/\/lahora.mx\/index.php\/wp-json\/wp\/v2\/posts\/29149\/revisions"}],"predecessor-version":[{"id":29151,"href":"https:\/\/lahora.mx\/index.php\/wp-json\/wp\/v2\/posts\/29149\/revisions\/29151"}],"wp:featuredmedia":[{"embeddable":true,"href":"https:\/\/lahora.mx\/index.php\/wp-json\/wp\/v2\/media\/29150"}],"wp:attachment":[{"href":"https:\/\/lahora.mx\/index.php\/wp-json\/wp\/v2\/media?parent=29149"}],"wp:term":[{"taxonomy":"category","embeddable":true,"href":"https:\/\/lahora.mx\/index.php\/wp-json\/wp\/v2\/categories?post=29149"},{"taxonomy":"post_tag","embeddable":true,"href":"https:\/\/lahora.mx\/index.php\/wp-json\/wp\/v2\/tags?post=29149"}],"curies":[{"name":"wp","href":"https:\/\/api.w.org\/{rel}","templated":true}]}}