{"id":29140,"date":"2023-07-04T22:52:34","date_gmt":"2023-07-04T22:52:34","guid":{"rendered":"http:\/\/lahora.mx\/?p=29140"},"modified":"2023-07-04T22:52:34","modified_gmt":"2023-07-04T22:52:34","slug":"xochitl-galvez-se-registra-para-participar-en-proceso-por-candidatura-presidencial","status":"publish","type":"post","link":"https:\/\/lahora.mx\/index.php\/2023\/07\/04\/xochitl-galvez-se-registra-para-participar-en-proceso-por-candidatura-presidencial\/","title":{"rendered":"X\u00f3chitl G\u00e1lvez se registra para participar en proceso por candidatura presidencial"},"content":{"rendered":"\n<p>La senadora X\u00f3chitl G\u00e1lvez fue la segunda aspirante de la oposici\u00f3n en registrarse hoy 4 de julio de 2023 para participar en el proceso interno y buscar la candidatura presidencial de 2024.<\/p>\n\n\n\n<p>La panista acudi\u00f3 a registrarse ante el comit\u00e9 organizador, el cual dio a conocer ayer la convocatoria oficial, y despu\u00e9s deber\u00e1 hacerlo ante los tres partidos pol\u00edticos que conforman el Frente Amplio por M\u00e9xico, alianza con la que ir\u00e1n juntos en las elecciones federales de 2024.<\/p>\n\n\n\n<p>La aspirante presidencial agradeci\u00f3 al PAN por la oportunidad y dijo que le tiene un \u201cenorme cari\u00f1o al PRD\u201d y que buscar\u00e1 \u201ccaminar juntos con los buenos priistas de este pa\u00eds\u201d.<\/p>\n\n\n\n<p>\u201cMe siento sumamente orgullosa de trabajar con ellos (con el PAN), me dan dado la oportunidad (\u2026), le tengo un enorme cari\u00f1o al PRD y con el PRI ya no hay fij\u00f3n, ya cambiamos la historia, vamos a caminar juntos con los buenos priistas de este pa\u00eds. Soy una mujer que no tiene odios, no tiene rencores, que tiene un profundo amor a M\u00e9xico\u201d, dijo tras su registro.<br><br>Gobernador de Oaxaca invita a turistas a visitar el<br>estado y disfrutar de la Guelaguetza 2023<br>X\u00f3chitl G\u00e1lvez asegur\u00f3 que desde los 14 a\u00f1os inici\u00f3 su trabajo comunitario y desde entonces se dio cuenta que quer\u00eda servir a los dem\u00e1s.<\/p>\n\n\n\n<p>\u201cDesde los 14 a\u00f1os inici\u00e9 mi trabajo comunitario buscando que hubiera agua, escuela, mejores condiciones de vida y desde ese entonces me di cuenta que lo m\u00edo era el servicio p\u00fablico\u201d.<\/p>\n\n\n\n<p>La senadora panista acudi\u00f3 a la sede del PAN a notificar que ya hab\u00eda quedado su registro y emiti\u00f3 un mensaje a simpatizantes, quienes la ovacionaron con frases como \u00ab\u00a1presidenta, presidenta!\u00bb y \u00ab\u00a1s\u00ed se puede, s\u00ed se puede\u00bb.<\/p>\n\n\n\n<p>X\u00f3chitl G\u00e1lvez no est\u00e1 afiliada al PAN; Fox la invit\u00f3 a la pol\u00edtica<br>Durante su mensaje a simpatizantes, X\u00f3chitl G\u00e1lvez reconoci\u00f3 que no est\u00e1 afiliada al PAN, aunque dijo que siempre ha estado cerca de dicho partido e incluso revel\u00f3 que su incursi\u00f3n en la pol\u00edtica se debi\u00f3 al expresidente Vicente Fox, quien le abri\u00f3 la puerta.<\/p>\n\n\n\n<p>\u00abEstoy en casa, me siento como en casa porque siempre he estado cerca del partido Acci\u00f3n Nacional. Yo tengo que reconocer que llegu\u00e9 a la pol\u00edtica porque un presidente emanado de Acci\u00f3n Nacional me abri\u00f3 la puerta, no esa puerta que me cerraron hace 15 d\u00edas en Palacio Nacional. El presidente Fox, sin conocerme, simplemente sabiendo de mi trayectoria como ingeniera, como una mujer que ven\u00eda de un origen ind\u00edgena, sabiendo que hab\u00eda trabajado por la causa ind\u00edgena por muchos a\u00f1os\u00bb, dijo.<\/p>\n\n\n\n<p>El registro para los aspirantes a la candidatura presidencial de la oposici\u00f3n arranc\u00f3 este martes 4 de julio y concluir\u00e1 el pr\u00f3ximo domingo, cuando se cerrar\u00e1 el registro<\/p>\n\n\n\n<p>Un d\u00eda despu\u00e9s el comit\u00e9 organizador dar\u00e1 a conocer qui\u00e9nes s\u00ed cumplieron con los requisitos de la convocatoria y que podr\u00e1n continuar en el proceso interno en el que la siguiente fase ser\u00e1 el recabar 150 mil apoyos en al menos 17 estados del pa\u00eds.<\/p>\n","protected":false},"excerpt":{"rendered":"<p>La senadora X\u00f3chitl G\u00e1lvez fue la segunda aspirante de la oposici\u00f3n en registrarse hoy 4 de julio de 2023 para participar en el proceso interno y buscar la candidatura presidencial de 2024. La panista acudi\u00f3 a registrarse ante el comit\u00e9 organizador, el cual dio a conocer ayer la convocatoria oficial, y despu\u00e9s deber\u00e1 hacerlo ante [&hellip;]<\/p>\n","protected":false},"author":4,"featured_media":29141,"comment_status":"open","ping_status":"open","sticky":false,"template":"","format":"standard","meta":{"om_disable_all_campaigns":false,"_monsterinsights_skip_tracking":false,"_monsterinsights_sitenote_active":false,"_monsterinsights_sitenote_note":"","_monsterinsights_sitenote_category":0,"footnotes":""},"categories":[176],"tags":[],"class_list":["post-29140","post","type-post","status-publish","format-standard","has-post-thumbnail","hentry","category-nacional"],"amp_enabled":true,"_links":{"self":[{"href":"https:\/\/lahora.mx\/index.php\/wp-json\/wp\/v2\/posts\/29140","targetHints":{"allow":["GET"]}}],"collection":[{"href":"https:\/\/lahora.mx\/index.php\/wp-json\/wp\/v2\/posts"}],"about":[{"href":"https:\/\/lahora.mx\/index.php\/wp-json\/wp\/v2\/types\/post"}],"author":[{"embeddable":true,"href":"https:\/\/lahora.mx\/index.php\/wp-json\/wp\/v2\/users\/4"}],"replies":[{"embeddable":true,"href":"https:\/\/lahora.mx\/index.php\/wp-json\/wp\/v2\/comments?post=29140"}],"version-history":[{"count":1,"href":"https:\/\/lahora.mx\/index.php\/wp-json\/wp\/v2\/posts\/29140\/revisions"}],"predecessor-version":[{"id":29142,"href":"https:\/\/lahora.mx\/index.php\/wp-json\/wp\/v2\/posts\/29140\/revisions\/29142"}],"wp:featuredmedia":[{"embeddable":true,"href":"https:\/\/lahora.mx\/index.php\/wp-json\/wp\/v2\/media\/29141"}],"wp:attachment":[{"href":"https:\/\/lahora.mx\/index.php\/wp-json\/wp\/v2\/media?parent=29140"}],"wp:term":[{"taxonomy":"category","embeddable":true,"href":"https:\/\/lahora.mx\/index.php\/wp-json\/wp\/v2\/categories?post=29140"},{"taxonomy":"post_tag","embeddable":true,"href":"https:\/\/lahora.mx\/index.php\/wp-json\/wp\/v2\/tags?post=29140"}],"curies":[{"name":"wp","href":"https:\/\/api.w.org\/{rel}","templated":true}]}}