{"id":29131,"date":"2023-07-04T20:14:49","date_gmt":"2023-07-04T20:14:49","guid":{"rendered":"http:\/\/lahora.mx\/?p=29131"},"modified":"2023-07-04T20:14:49","modified_gmt":"2023-07-04T20:14:49","slug":"amlo-responde-a-alito-moreno","status":"publish","type":"post","link":"https:\/\/lahora.mx\/index.php\/2023\/07\/04\/amlo-responde-a-alito-moreno\/","title":{"rendered":"AMLO responde a Alito Moreno"},"content":{"rendered":"\n<p class=\"wp-block-paragraph\">El presidente Andr\u00e9s Manuel L\u00f3pez Obrador respondi\u00f3 a Alejandro \u201cAlito\u201d Moreno, quien se lanz\u00f3 en su contra, pues afirm\u00f3 que ten\u00eda de su lado a \u201clo peor del PRI\u201d. Dichas se\u00f1alaciones se dieron tras la salida de cuatro senadores de la bancada del tricolor.<\/p>\n\n\n\n<p class=\"wp-block-paragraph\">\u201cEs un exceso que el dirigente del PRI me echa la culpa a m\u00ed. (\u2026) Se desquitan conmigo de todo\u201d, respondi\u00f3 L\u00f3pez Obrador en su conferencia de prensa matutina y lament\u00f3 que el PRI \u201cno tuviera nada que ver con sus or\u00edgenes\u201d y que \u201cterminara desfigurado\u201d.<\/p>\n\n\n\n<p class=\"wp-block-paragraph\">Ayer 3 de julio, los senadores Miguel \u00c1ngel Osorio Chong, Claudia Ruiz Massieu, Eruviel \u00c1vila y Nuvia Mayorga renunciaron al Partido Revolucionario Institucional, por lo que, \u201cAlito\u201d Moreno emiti\u00f3 un mensaje al presidente de M\u00e9xico a trav\u00e9s de sus redes sociales, donde afirm\u00f3 que lo peor del PRI estaba de su lado, es decir, en Morena; asimismo, le pidi\u00f3 dejar de responsabilizar a los dirigentes anteriores de los problemas actuales en el pa\u00eds.<br>\u201cUsted milit\u00f3 en el PRI. Incluso tres de sus \u2018corcholatas\u2019 militaron en el PRI\u201d, fueron las palabras que expres\u00f3 el actual dirigente nacional del partido.<\/p>\n\n\n\n<p class=\"wp-block-paragraph\">Expriistas crean nuevo frente<br>La salida de Miguel \u00c1ngel Osorio Chong, Claudia Ruiz Massieu, Eruviel \u00c1vila y Nuvia Mayorga ayer 3 de julio del PRI se dio en un contexto de inconformidad contra el dirigente Alejandro Moreno, a quien acusaron de traicionar los ideales del partido; aunado a ello, anunciaron la creaci\u00f3n de un nuevo frente denominado \u00abCongruencia por M\u00e9xico\u00bb.<\/p>\n","protected":false},"excerpt":{"rendered":"<p>El presidente Andr\u00e9s Manuel L\u00f3pez Obrador respondi\u00f3 a Alejandro \u201cAlito\u201d Moreno, quien se lanz\u00f3 en su contra, pues afirm\u00f3 que ten\u00eda de su lado a \u201clo peor del PRI\u201d. Dichas se\u00f1alaciones se dieron tras la salida de cuatro senadores de la bancada del tricolor. \u201cEs un exceso que el dirigente del PRI me echa la [&hellip;]<\/p>\n","protected":false},"author":4,"featured_media":29132,"comment_status":"open","ping_status":"open","sticky":false,"template":"","format":"standard","meta":{"om_disable_all_campaigns":false,"_monsterinsights_skip_tracking":false,"footnotes":""},"categories":[176],"tags":[],"class_list":["post-29131","post","type-post","status-publish","format-standard","has-post-thumbnail","hentry","category-nacional"],"amp_enabled":true,"_links":{"self":[{"href":"https:\/\/lahora.mx\/index.php\/wp-json\/wp\/v2\/posts\/29131","targetHints":{"allow":["GET"]}}],"collection":[{"href":"https:\/\/lahora.mx\/index.php\/wp-json\/wp\/v2\/posts"}],"about":[{"href":"https:\/\/lahora.mx\/index.php\/wp-json\/wp\/v2\/types\/post"}],"author":[{"embeddable":true,"href":"https:\/\/lahora.mx\/index.php\/wp-json\/wp\/v2\/users\/4"}],"replies":[{"embeddable":true,"href":"https:\/\/lahora.mx\/index.php\/wp-json\/wp\/v2\/comments?post=29131"}],"version-history":[{"count":1,"href":"https:\/\/lahora.mx\/index.php\/wp-json\/wp\/v2\/posts\/29131\/revisions"}],"predecessor-version":[{"id":29133,"href":"https:\/\/lahora.mx\/index.php\/wp-json\/wp\/v2\/posts\/29131\/revisions\/29133"}],"wp:featuredmedia":[{"embeddable":true,"href":"https:\/\/lahora.mx\/index.php\/wp-json\/wp\/v2\/media\/29132"}],"wp:attachment":[{"href":"https:\/\/lahora.mx\/index.php\/wp-json\/wp\/v2\/media?parent=29131"}],"wp:term":[{"taxonomy":"category","embeddable":true,"href":"https:\/\/lahora.mx\/index.php\/wp-json\/wp\/v2\/categories?post=29131"},{"taxonomy":"post_tag","embeddable":true,"href":"https:\/\/lahora.mx\/index.php\/wp-json\/wp\/v2\/tags?post=29131"}],"curies":[{"name":"wp","href":"https:\/\/api.w.org\/{rel}","templated":true}]}}