{"id":28972,"date":"2023-06-30T23:19:28","date_gmt":"2023-06-30T23:19:28","guid":{"rendered":"http:\/\/lahora.mx\/?p=28972"},"modified":"2023-06-30T23:19:28","modified_gmt":"2023-06-30T23:19:28","slug":"no-habra-simpatia-por-algun-aspirante-presidencial-de-va-por-mexico-menciona-eduardo-rivera","status":"publish","type":"post","link":"https:\/\/lahora.mx\/index.php\/2023\/06\/30\/no-habra-simpatia-por-algun-aspirante-presidencial-de-va-por-mexico-menciona-eduardo-rivera\/","title":{"rendered":"No habr\u00e1 simpat\u00eda por alg\u00fan aspirante presidencial de \u00abVa por M\u00e9xico\u00bb menciona Eduardo Rivera"},"content":{"rendered":"\n<p class=\"wp-block-paragraph\">Eduardo Rivera P\u00e9rez no tiene y no mostrar\u00e1 su simpat\u00eda por ninguno de los aspirantes a ser candidato presidencial por Va por M\u00e9xico, por qu\u00e9, primero, esperar\u00e1 la inscripci\u00f3n de quienes han levantado la mano, posteriormente har\u00e1 su valoraci\u00f3n para revelar el nombre de su preferencia.<\/p>\n\n\n\n<p class=\"wp-block-paragraph\">Adem\u00e1s el alcalde, refrend\u00f3 que este novedoso m\u00e9todo ha generado una gran expectativa para la selecci\u00f3n del aspirante del llamado Frente Amplio por M\u00e9xico para contender con el proceso electoral de 2024.<\/p>\n\n\n\n<p class=\"wp-block-paragraph\">\u00abEsta es otra alternativa de c\u00f3mo se puede gobernar el pa\u00eds, los estados y los municipios. No tengo y no voy a expresar alguna preferencia sobre los aspirantes\u00bb, subray\u00f3.<\/p>\n\n\n\n<p class=\"wp-block-paragraph\">Lo importante de este tema, dijo es que participen los aspirantes que m\u00e1s quieran y puedan, ya sea del PAN del PRI, PRD o alg\u00fan ciudadano o ciudadana apartidista que quiera registrarse en este proceso.<\/p>\n\n\n\n<p class=\"wp-block-paragraph\">Insisti\u00f3 que este ejercicio s\u00ed es democr\u00e1tico porque s\u00ed habr\u00e1 debates, si va a haber entrevistas en medios de comunicaci\u00f3n, adem\u00e1s es un proceso en donde s\u00ed va a haber foros a nivel nacional y en donde no solamente se va a utilizar una encuesta, sino tomar\u00e1 en cuenta a cualquier ciudadano que pueda, quiera participar y opinar por alguno de los aspirantes que finalmente vayan a quedar en la \u00faltima etapa del proceso de selecci\u00f3n.<\/p>\n\n\n\n<p class=\"wp-block-paragraph\">Reconoci\u00f3 la apertura de los partidos aliancistas para tomar en cuenta a la comunidad en este proceso de selecci\u00f3n para renovar la Presidencia de la Rep\u00fablica.<\/p>\n","protected":false},"excerpt":{"rendered":"<p>Eduardo Rivera P\u00e9rez no tiene y no mostrar\u00e1 su simpat\u00eda por ninguno de los aspirantes a ser candidato presidencial por Va por M\u00e9xico, por qu\u00e9, primero, esperar\u00e1 la inscripci\u00f3n de quienes han levantado la mano, posteriormente har\u00e1 su valoraci\u00f3n para revelar el nombre de su preferencia. Adem\u00e1s el alcalde, refrend\u00f3 que este novedoso m\u00e9todo ha [&hellip;]<\/p>\n","protected":false},"author":4,"featured_media":28973,"comment_status":"open","ping_status":"open","sticky":false,"template":"","format":"standard","meta":{"om_disable_all_campaigns":false,"_monsterinsights_skip_tracking":false,"footnotes":""},"categories":[1],"tags":[],"class_list":["post-28972","post","type-post","status-publish","format-standard","has-post-thumbnail","hentry","category-sin-categoria"],"amp_enabled":true,"_links":{"self":[{"href":"https:\/\/lahora.mx\/index.php\/wp-json\/wp\/v2\/posts\/28972","targetHints":{"allow":["GET"]}}],"collection":[{"href":"https:\/\/lahora.mx\/index.php\/wp-json\/wp\/v2\/posts"}],"about":[{"href":"https:\/\/lahora.mx\/index.php\/wp-json\/wp\/v2\/types\/post"}],"author":[{"embeddable":true,"href":"https:\/\/lahora.mx\/index.php\/wp-json\/wp\/v2\/users\/4"}],"replies":[{"embeddable":true,"href":"https:\/\/lahora.mx\/index.php\/wp-json\/wp\/v2\/comments?post=28972"}],"version-history":[{"count":1,"href":"https:\/\/lahora.mx\/index.php\/wp-json\/wp\/v2\/posts\/28972\/revisions"}],"predecessor-version":[{"id":28974,"href":"https:\/\/lahora.mx\/index.php\/wp-json\/wp\/v2\/posts\/28972\/revisions\/28974"}],"wp:featuredmedia":[{"embeddable":true,"href":"https:\/\/lahora.mx\/index.php\/wp-json\/wp\/v2\/media\/28973"}],"wp:attachment":[{"href":"https:\/\/lahora.mx\/index.php\/wp-json\/wp\/v2\/media?parent=28972"}],"wp:term":[{"taxonomy":"category","embeddable":true,"href":"https:\/\/lahora.mx\/index.php\/wp-json\/wp\/v2\/categories?post=28972"},{"taxonomy":"post_tag","embeddable":true,"href":"https:\/\/lahora.mx\/index.php\/wp-json\/wp\/v2\/tags?post=28972"}],"curies":[{"name":"wp","href":"https:\/\/api.w.org\/{rel}","templated":true}]}}