{"id":28941,"date":"2023-06-30T18:09:09","date_gmt":"2023-06-30T18:09:09","guid":{"rendered":"http:\/\/lahora.mx\/?p=28941"},"modified":"2023-06-30T18:09:09","modified_gmt":"2023-06-30T18:09:09","slug":"mercado-laboral-registra-perdida-de-648000-empleos","status":"publish","type":"post","link":"https:\/\/lahora.mx\/index.php\/2023\/06\/30\/mercado-laboral-registra-perdida-de-648000-empleos\/","title":{"rendered":"Mercado laboral registra p\u00e9rdida de 648,000 empleos"},"content":{"rendered":"\n<p class=\"wp-block-paragraph\">El mercado laboral tuvo en mayo una p\u00e9rdida de 648,340 puestos de trabajo, el peor comportamiento para un quinto mes del a\u00f1o desde que se tiene registro (2005), de acuerdo con la Encuesta Nacional de Ocupaci\u00f3n y Empleo (ENOE). La ca\u00edda en los niveles de ocupaci\u00f3n estuvo ligada con una reducci\u00f3n en plazas formales y en las actividades de agricultura.<\/p>\n\n\n\n<p class=\"wp-block-paragraph\">Este comportamiento, indic\u00f3 Marcos Daniel Arias Novelo, analista econ\u00f3mico de Monex, \u201cpodr\u00eda estar relacionado a la reducci\u00f3n de la Poblaci\u00f3n Econ\u00f3micamente Activa en 600,000 personas, el movimiento es de una magnitud algo inusual para un quinto mes del a\u00f1o\u201d,<\/p>\n\n\n\n<p class=\"wp-block-paragraph\">A la par la p\u00e9rdida de empleo reportada por el Instituto Nacional de Estad\u00edstica y Geograf\u00eda (Inegi), la segunda al hilo, la poblaci\u00f3n desocupada tuvo un ligero repunte en el mes, cuya tasa pas\u00f3 de 2.8 a 2.9%, un nivel cercano a lo observado en el arranque de a\u00f1o.<\/p>\n\n\n\n<p class=\"wp-block-paragraph\">Como resultado del leve crecimiento de la desocupaci\u00f3n y un incremento (+212,872) en los \u201cdisponibles\u201d de la Poblaci\u00f3n No Econ\u00f3micamente Activa (PNEA), la tasa de desempleo extendido aument\u00f3 de 10.4 a 10.9% en comparaci\u00f3n con lo reportado en abril.<\/p>\n\n\n\n<p class=\"wp-block-paragraph\">Del total de los empleos destruidos en mayo, el 87% se concentr\u00f3 en el sector formal. Y aunque la econom\u00eda informal tambi\u00e9n tuvo una p\u00e9rdida en t\u00e9rminos absolutos, present\u00f3 un incremento proporcional respecto a abril, lo que llev\u00f3 la tasa de informalidad laboral a 55.2%, un aumento mensual de 0.5 puntos.<\/p>\n\n\n\n<p class=\"wp-block-paragraph\">Por posici\u00f3n en la ocupaci\u00f3n, el trabajo no remunerado fue el que encabez\u00f3 la contracci\u00f3n en los niveles de ocupaci\u00f3n, con el 39% de la destrucci\u00f3n de empleos de mayo. En tanto, un 29% se present\u00f3 entre el rengl\u00f3n de empleadores y 22% en el del trabajo subordinado.<\/p>\n\n\n\n<p class=\"wp-block-paragraph\">Agricultura, el gran perdedor<br>En abril, el mercado laboral tambi\u00e9n registr\u00f3 una cifra negativa (-112,165 plazas), pero las actividades de agricultura, ganader\u00eda y pesca amortizaron el impacto. En mayo se invirtieron los papeles, el sector primario encabez\u00f3 las p\u00e9rdidas con una reducci\u00f3n de 521,584 puestos de trabajo.<\/p>\n\n\n\n<p class=\"wp-block-paragraph\">El resto de las p\u00e9rdidas se concentr\u00f3 en el sector de servicios, con un saldo general de 329,503 plazas p\u00e9rdidas. Al interior de este rubro, las actividades en restaurantes, servicios sociales y gobierno tuvieron los principales resultados.<\/p>\n\n\n\n<p class=\"wp-block-paragraph\">El \u00fanico sector econ\u00f3mico con una cifra positiva en el quinto mes del a\u00f1o fue el industrial, con una creaci\u00f3n de puestos de trabajo de 90,551 plazas. Las actividades de construcci\u00f3n tuvieron el mejor comportamiento con 92,110 plazas creadas y la industria extractiva aport\u00f3 32,471 empleos, pero las p\u00e9rdidas en la manufactura redujeron las ganancias.<\/p>\n","protected":false},"excerpt":{"rendered":"<p>El mercado laboral tuvo en mayo una p\u00e9rdida de 648,340 puestos de trabajo, el peor comportamiento para un quinto mes del a\u00f1o desde que se tiene registro (2005), de acuerdo con la Encuesta Nacional de Ocupaci\u00f3n y Empleo (ENOE). La ca\u00edda en los niveles de ocupaci\u00f3n estuvo ligada con una reducci\u00f3n en plazas formales y [&hellip;]<\/p>\n","protected":false},"author":4,"featured_media":28942,"comment_status":"open","ping_status":"open","sticky":false,"template":"","format":"standard","meta":{"om_disable_all_campaigns":false,"_monsterinsights_skip_tracking":false,"_monsterinsights_sitenote_active":false,"_monsterinsights_sitenote_note":"","_monsterinsights_sitenote_category":0,"footnotes":""},"categories":[176],"tags":[],"class_list":["post-28941","post","type-post","status-publish","format-standard","has-post-thumbnail","hentry","category-nacional"],"amp_enabled":true,"_links":{"self":[{"href":"https:\/\/lahora.mx\/index.php\/wp-json\/wp\/v2\/posts\/28941","targetHints":{"allow":["GET"]}}],"collection":[{"href":"https:\/\/lahora.mx\/index.php\/wp-json\/wp\/v2\/posts"}],"about":[{"href":"https:\/\/lahora.mx\/index.php\/wp-json\/wp\/v2\/types\/post"}],"author":[{"embeddable":true,"href":"https:\/\/lahora.mx\/index.php\/wp-json\/wp\/v2\/users\/4"}],"replies":[{"embeddable":true,"href":"https:\/\/lahora.mx\/index.php\/wp-json\/wp\/v2\/comments?post=28941"}],"version-history":[{"count":1,"href":"https:\/\/lahora.mx\/index.php\/wp-json\/wp\/v2\/posts\/28941\/revisions"}],"predecessor-version":[{"id":28943,"href":"https:\/\/lahora.mx\/index.php\/wp-json\/wp\/v2\/posts\/28941\/revisions\/28943"}],"wp:featuredmedia":[{"embeddable":true,"href":"https:\/\/lahora.mx\/index.php\/wp-json\/wp\/v2\/media\/28942"}],"wp:attachment":[{"href":"https:\/\/lahora.mx\/index.php\/wp-json\/wp\/v2\/media?parent=28941"}],"wp:term":[{"taxonomy":"category","embeddable":true,"href":"https:\/\/lahora.mx\/index.php\/wp-json\/wp\/v2\/categories?post=28941"},{"taxonomy":"post_tag","embeddable":true,"href":"https:\/\/lahora.mx\/index.php\/wp-json\/wp\/v2\/tags?post=28941"}],"curies":[{"name":"wp","href":"https:\/\/api.w.org\/{rel}","templated":true}]}}