{"id":28925,"date":"2023-06-30T13:06:13","date_gmt":"2023-06-30T13:06:13","guid":{"rendered":"http:\/\/lahora.mx\/?p=28925"},"modified":"2023-06-30T13:06:13","modified_gmt":"2023-06-30T13:06:13","slug":"cespedes-batres-y-delfina-gomez-se-reunen-con-amlo-en-palacio-nacional","status":"publish","type":"post","link":"https:\/\/lahora.mx\/index.php\/2023\/06\/30\/cespedes-batres-y-delfina-gomez-se-reunen-con-amlo-en-palacio-nacional\/","title":{"rendered":"C\u00e9spedes, Batres y Delfina G\u00f3mez se re\u00fanen con AMLO en Palacio Nacional"},"content":{"rendered":"\n<p>Palacio Nacional alberg\u00f3 hoy jueves al gobernador de Puebla, Sergio Salom\u00f3n C\u00e9spedes Peregrina para dialogar sobre temas alusivos a la zona metropolitana del pa\u00eds.<\/p>\n\n\n\n<p>En la mesa de di\u00e1logo estuvieron tambi\u00e9n sus similares de la Ciudad de M\u00e9xico y Campeche, Mart\u00ed Batres y Cuauht\u00e9moc Blanco, as\u00ed como sus hom\u00f3logas del Estado de M\u00e9xico, la gobernadora electa Delfina G\u00f3mez, y de Tlaxcala, la tambi\u00e9n mandataria Lorena Cu\u00e9llar.<br>El gobernador C\u00e9spedes comparti\u00f3 a trav\u00e9s de su cuenta de Twitter una fotograf\u00eda junto con el resto de gobernadoras y gobernadores, todos pertenecientes al Movimiento Regeneraci\u00f3n Nacional (Morena).<br>En su mensaje, Sergio Salom\u00f3n asegur\u00f3 que mantiene un trabajo en equipo con todos ellos.<br>Gobernador C\u00e9spedes, asiduo visitante del Palacio<br>Sergio Salom\u00f3n ya hab\u00eda acudido a Palacio Nacional en mayo pasado para tratar con L\u00f3pez Obrador el tema de la contingencia ambiental en la entidad poblana ocasionada por las expulsiones constantes del Volc\u00e1n Popocat\u00e9petl, lo que hizo que el volc\u00e1n que mide la actividad del coloso pasara a amarillo fase 2.<\/p>\n\n\n\n<p>Anteriormente, en abril, gobernadoras y gobernadores de la Cuarta Transformaci\u00f3n tambi\u00e9n se dieron cita en el inmueble capitalino para analizar os avances en materia de la Estrategia Nacional de Seguridad P\u00fablica, durante la ausencia del presidente de sus usuales conferencias matutinas tras contraer covid-19 por tercera ocasi\u00f3n.<\/p>\n\n\n\n<p>Antes de su visita a Palacio Nacional, el gobernador Sergio Salom\u00f3n C\u00e9spedes estuvo en la entidad que dirige para rendir una conferencia de prensa, adem\u00e1s de anunciar entrega de armamento a polic\u00edas capacitados.<\/p>\n","protected":false},"excerpt":{"rendered":"<p>Palacio Nacional alberg\u00f3 hoy jueves al gobernador de Puebla, Sergio Salom\u00f3n C\u00e9spedes Peregrina para dialogar sobre temas alusivos a la zona metropolitana del pa\u00eds. En la mesa de di\u00e1logo estuvieron tambi\u00e9n sus similares de la Ciudad de M\u00e9xico y Campeche, Mart\u00ed Batres y Cuauht\u00e9moc Blanco, as\u00ed como sus hom\u00f3logas del Estado de M\u00e9xico, la gobernadora [&hellip;]<\/p>\n","protected":false},"author":4,"featured_media":28926,"comment_status":"open","ping_status":"open","sticky":false,"template":"","format":"standard","meta":{"om_disable_all_campaigns":false,"_monsterinsights_skip_tracking":false,"_monsterinsights_sitenote_active":false,"_monsterinsights_sitenote_note":"","_monsterinsights_sitenote_category":0,"footnotes":""},"categories":[175],"tags":[223],"class_list":["post-28925","post","type-post","status-publish","format-standard","has-post-thumbnail","hentry","category-local","tag-puebla"],"amp_enabled":true,"_links":{"self":[{"href":"https:\/\/lahora.mx\/index.php\/wp-json\/wp\/v2\/posts\/28925","targetHints":{"allow":["GET"]}}],"collection":[{"href":"https:\/\/lahora.mx\/index.php\/wp-json\/wp\/v2\/posts"}],"about":[{"href":"https:\/\/lahora.mx\/index.php\/wp-json\/wp\/v2\/types\/post"}],"author":[{"embeddable":true,"href":"https:\/\/lahora.mx\/index.php\/wp-json\/wp\/v2\/users\/4"}],"replies":[{"embeddable":true,"href":"https:\/\/lahora.mx\/index.php\/wp-json\/wp\/v2\/comments?post=28925"}],"version-history":[{"count":1,"href":"https:\/\/lahora.mx\/index.php\/wp-json\/wp\/v2\/posts\/28925\/revisions"}],"predecessor-version":[{"id":28927,"href":"https:\/\/lahora.mx\/index.php\/wp-json\/wp\/v2\/posts\/28925\/revisions\/28927"}],"wp:featuredmedia":[{"embeddable":true,"href":"https:\/\/lahora.mx\/index.php\/wp-json\/wp\/v2\/media\/28926"}],"wp:attachment":[{"href":"https:\/\/lahora.mx\/index.php\/wp-json\/wp\/v2\/media?parent=28925"}],"wp:term":[{"taxonomy":"category","embeddable":true,"href":"https:\/\/lahora.mx\/index.php\/wp-json\/wp\/v2\/categories?post=28925"},{"taxonomy":"post_tag","embeddable":true,"href":"https:\/\/lahora.mx\/index.php\/wp-json\/wp\/v2\/tags?post=28925"}],"curies":[{"name":"wp","href":"https:\/\/api.w.org\/{rel}","templated":true}]}}