{"id":28904,"date":"2023-06-29T22:49:31","date_gmt":"2023-06-29T22:49:31","guid":{"rendered":"http:\/\/lahora.mx\/?p=28904"},"modified":"2023-06-29T22:49:32","modified_gmt":"2023-06-29T22:49:32","slug":"asesinan-a-hipolito-mora-exlider-de-autodefensas-en-michoacan","status":"publish","type":"post","link":"https:\/\/lahora.mx\/index.php\/2023\/06\/29\/asesinan-a-hipolito-mora-exlider-de-autodefensas-en-michoacan\/","title":{"rendered":"Asesinan a Hip\u00f3lito Mora, exl\u00edder de autodefensas en Michoac\u00e1n"},"content":{"rendered":"\n<p class=\"wp-block-paragraph\">Asesinan a Hip\u00f3lito Mora, exl\u00edder de las autodefensas en Michoac\u00e1n en la localidad de Felipe Carrillo Puerto, en La Ruana.<\/p>\n\n\n\n<p class=\"wp-block-paragraph\">La Fiscal\u00eda de Michoac\u00e1n confirm\u00f3 el asesinato de Mora, los primeros reportes se\u00f1alan que se trat\u00f3 de un ataque directo.<\/p>\n\n\n\n<p class=\"wp-block-paragraph\">Sujetos armados dispararon contra el exl\u00edder de las autodefensas y sus escoltas, adem\u00e1s de que incendiaron su camioneta.<\/p>\n\n\n\n<p class=\"wp-block-paragraph\">El exl\u00edder se dirig\u00eda a su casa despu\u00e9s de haber estado en Morelia cuando fue agredido por los sujetos quienes con armas largas atacaron su camioneta, blindada, as\u00ed como la de sus escoltas.<\/p>\n\n\n\n<p class=\"wp-block-paragraph\">En su \u00faltimo video compartido en redes sociales, Mora denunci\u00f3 hostigamiento contra \u00e9l y los habitantes de La Ruana por parte de grupos del crimen organizado.<\/p>\n\n\n\n<p class=\"wp-block-paragraph\">Los civiles Grupos de Autodefensa surgieron en diversos municipios de Michoac\u00e1n el 24 de febrero del 2013, encabezados por Hip\u00f3lito Mora, para combatir al c\u00e1rtel del narcotr\u00e1fico autodenominado \u201cLos Caballeros Templarios\u201d, el cual manten\u00eda una hegemon\u00eda en Michoac\u00e1n.<\/p>\n\n\n\n<p class=\"wp-block-paragraph\">El levantamiento en armas provoc\u00f3 que el entonces presidente de M\u00e9xico, Enrique Pe\u00f1a Nieto, enviar\u00e1 a Michoac\u00e1n a Alfredo Castillo Cervantes como comisionado para la Seguridad y el Desarrollo Integral del Estado, quien cre\u00f3 la Fuerza Rural, un cuerpo policial que fue conformado por autodefensas que despu\u00e9s generaron v\u00ednculos con narcotraficantes.<\/p>\n","protected":false},"excerpt":{"rendered":"<p>Asesinan a Hip\u00f3lito Mora, exl\u00edder de las autodefensas en Michoac\u00e1n en la localidad de Felipe Carrillo Puerto, en La Ruana. La Fiscal\u00eda de Michoac\u00e1n confirm\u00f3 el asesinato de Mora, los primeros reportes se\u00f1alan que se trat\u00f3 de un ataque directo. Sujetos armados dispararon contra el exl\u00edder de las autodefensas y sus escoltas, adem\u00e1s de que [&hellip;]<\/p>\n","protected":false},"author":4,"featured_media":28905,"comment_status":"open","ping_status":"open","sticky":false,"template":"","format":"standard","meta":{"om_disable_all_campaigns":false,"_monsterinsights_skip_tracking":false,"_monsterinsights_sitenote_active":false,"_monsterinsights_sitenote_note":"","_monsterinsights_sitenote_category":0,"footnotes":""},"categories":[176],"tags":[195],"class_list":["post-28904","post","type-post","status-publish","format-standard","has-post-thumbnail","hentry","category-nacional","tag-principal"],"amp_enabled":true,"_links":{"self":[{"href":"https:\/\/lahora.mx\/index.php\/wp-json\/wp\/v2\/posts\/28904","targetHints":{"allow":["GET"]}}],"collection":[{"href":"https:\/\/lahora.mx\/index.php\/wp-json\/wp\/v2\/posts"}],"about":[{"href":"https:\/\/lahora.mx\/index.php\/wp-json\/wp\/v2\/types\/post"}],"author":[{"embeddable":true,"href":"https:\/\/lahora.mx\/index.php\/wp-json\/wp\/v2\/users\/4"}],"replies":[{"embeddable":true,"href":"https:\/\/lahora.mx\/index.php\/wp-json\/wp\/v2\/comments?post=28904"}],"version-history":[{"count":1,"href":"https:\/\/lahora.mx\/index.php\/wp-json\/wp\/v2\/posts\/28904\/revisions"}],"predecessor-version":[{"id":28906,"href":"https:\/\/lahora.mx\/index.php\/wp-json\/wp\/v2\/posts\/28904\/revisions\/28906"}],"wp:featuredmedia":[{"embeddable":true,"href":"https:\/\/lahora.mx\/index.php\/wp-json\/wp\/v2\/media\/28905"}],"wp:attachment":[{"href":"https:\/\/lahora.mx\/index.php\/wp-json\/wp\/v2\/media?parent=28904"}],"wp:term":[{"taxonomy":"category","embeddable":true,"href":"https:\/\/lahora.mx\/index.php\/wp-json\/wp\/v2\/categories?post=28904"},{"taxonomy":"post_tag","embeddable":true,"href":"https:\/\/lahora.mx\/index.php\/wp-json\/wp\/v2\/tags?post=28904"}],"curies":[{"name":"wp","href":"https:\/\/api.w.org\/{rel}","templated":true}]}}