{"id":2889,"date":"2022-02-08T21:32:58","date_gmt":"2022-02-08T21:32:58","guid":{"rendered":"http:\/\/lahora.mx\/?p=2889"},"modified":"2022-02-08T21:33:00","modified_gmt":"2022-02-08T21:33:00","slug":"protesta-en-san-pedro-cholula-quitaron-a-juntas-auxiliares-facultad-para-liberar-permisos-de-construccion","status":"publish","type":"post","link":"https:\/\/lahora.mx\/index.php\/2022\/02\/08\/protesta-en-san-pedro-cholula-quitaron-a-juntas-auxiliares-facultad-para-liberar-permisos-de-construccion\/","title":{"rendered":"Protesta en San Pedro Cholula; quitaron a juntas auxiliares facultad para liberar permisos de construcci\u00f3n"},"content":{"rendered":"\n<p>Pobladores de diferentes juntas auxiliares de San Pedro Cholula, reunidos a las afueras de Ayuntamiento, se quejan en contra de autoridades locales&nbsp;<strong>por cambios que hicieron en las facultades<\/strong>&nbsp;de los presidentes subalternos.<\/p>\n\n\n\n<p>Con bicicletas y pancartas, decenas de habitantes, principalmente de<strong>\u00a0San Mat\u00edas Cocoyotla,\u00a0<\/strong>piden explicaciones sobre lo aprobado v\u00eda Cabildo, la semana pasada, en torno a que ahora<strong>\u00a0estos representantes ya no podr\u00e1n liberar permisos de construcci\u00f3n.<\/strong><br><br><\/p>\n\n\n\n<p>Varios de los inconformes tocan la puerta del Ayuntamiento, como una forma de pedir a las autoridades explicaciones en la materia.<\/p>\n\n\n\n<p>Tambi\u00e9n piden conocer qu\u00e9 acciones este gobierno emprender\u00e1 en las 13 juntas auxiliares para mejorar servicios p\u00fablicos y la prestaci\u00f3n de seguridad p\u00fablica.<\/p>\n\n\n\n<p>Por minutos, tambi\u00e9n bloquearon la calle Miguel Hidalgo y amargaron con bloquear la circulaci\u00f3n en la calle 12 Oriente, de la cabecera local y la cual es una de las m\u00e1s concurridas<\/p>\n\n\n\n<p>No obstante, despu\u00e9s de consensuar, determinaron solo mantener el plant\u00f3n a las afueras del Palacio Municipal.<\/p>\n\n\n\n<p>Su reclamo lo centran en que las autoridades expliquen los porqu\u00e9 de los cambios hechos en las facultades de las 13 juntas auxiliares, pues a su decir, eso afectar\u00e1 a los peque\u00f1os negocios con cobro de impuestos.<\/p>\n\n\n\n<p>Este medio de comunicaci\u00f3n pidi\u00f3 la postura del Ayuntamiento y se coment\u00f3 que en pr\u00f3ximos momentos se brindar\u00e1 la correspondiente.<\/p>\n","protected":false},"excerpt":{"rendered":"<p>Pobladores de diferentes juntas auxiliares de San Pedro Cholula, reunidos a las afueras de Ayuntamiento, se quejan en contra de autoridades locales&nbsp;por cambios que hicieron en las facultades&nbsp;de los presidentes subalternos. Con bicicletas y pancartas, decenas de habitantes, principalmente de\u00a0San Mat\u00edas Cocoyotla,\u00a0piden explicaciones sobre lo aprobado v\u00eda Cabildo, la semana pasada, en torno a que [&hellip;]<\/p>\n","protected":false},"author":4,"featured_media":2890,"comment_status":"open","ping_status":"open","sticky":false,"template":"","format":"standard","meta":{"om_disable_all_campaigns":false,"_monsterinsights_skip_tracking":false,"_monsterinsights_sitenote_active":false,"_monsterinsights_sitenote_note":"","_monsterinsights_sitenote_category":0,"footnotes":""},"categories":[175],"tags":[],"class_list":["post-2889","post","type-post","status-publish","format-standard","has-post-thumbnail","hentry","category-local"],"amp_enabled":true,"_links":{"self":[{"href":"https:\/\/lahora.mx\/index.php\/wp-json\/wp\/v2\/posts\/2889","targetHints":{"allow":["GET"]}}],"collection":[{"href":"https:\/\/lahora.mx\/index.php\/wp-json\/wp\/v2\/posts"}],"about":[{"href":"https:\/\/lahora.mx\/index.php\/wp-json\/wp\/v2\/types\/post"}],"author":[{"embeddable":true,"href":"https:\/\/lahora.mx\/index.php\/wp-json\/wp\/v2\/users\/4"}],"replies":[{"embeddable":true,"href":"https:\/\/lahora.mx\/index.php\/wp-json\/wp\/v2\/comments?post=2889"}],"version-history":[{"count":1,"href":"https:\/\/lahora.mx\/index.php\/wp-json\/wp\/v2\/posts\/2889\/revisions"}],"predecessor-version":[{"id":2891,"href":"https:\/\/lahora.mx\/index.php\/wp-json\/wp\/v2\/posts\/2889\/revisions\/2891"}],"wp:featuredmedia":[{"embeddable":true,"href":"https:\/\/lahora.mx\/index.php\/wp-json\/wp\/v2\/media\/2890"}],"wp:attachment":[{"href":"https:\/\/lahora.mx\/index.php\/wp-json\/wp\/v2\/media?parent=2889"}],"wp:term":[{"taxonomy":"category","embeddable":true,"href":"https:\/\/lahora.mx\/index.php\/wp-json\/wp\/v2\/categories?post=2889"},{"taxonomy":"post_tag","embeddable":true,"href":"https:\/\/lahora.mx\/index.php\/wp-json\/wp\/v2\/tags?post=2889"}],"curies":[{"name":"wp","href":"https:\/\/api.w.org\/{rel}","templated":true}]}}