{"id":28889,"date":"2023-06-29T18:35:19","date_gmt":"2023-06-29T18:35:19","guid":{"rendered":"http:\/\/lahora.mx\/?p=28889"},"modified":"2023-06-29T18:35:21","modified_gmt":"2023-06-29T18:35:21","slug":"volcan-popocatepetl-realiza-3-explosiones-de-intensidad-moderada","status":"publish","type":"post","link":"https:\/\/lahora.mx\/index.php\/2023\/06\/29\/volcan-popocatepetl-realiza-3-explosiones-de-intensidad-moderada\/","title":{"rendered":"Volc\u00e1n Popocat\u00e9petl realiza 3 explosiones de intensidad moderada"},"content":{"rendered":"\n<p>El volc\u00e1n Popocat\u00e9petl registr\u00f3 42 exhalaciones, 78 minutos de tremor, as\u00ed como dos explosiones menores y tres de intensidad moderada durante las \u00faltimas 24 horas, as\u00ed lo inform\u00f3 Andr\u00e9s Villegas Mendoza, subsecretario de Gobernaci\u00f3n en conferencia de prensa.<\/p>\n\n\n\n<p>Por su parte el gobernador de Puebla, Sergio Salom\u00f3n C\u00e9spedes Peregrina, notific\u00f3 que el Sem\u00e1foro de Alerta Volc\u00e1nica se mantiene a\u00fan en Amarillo Fase 2.<\/p>\n\n\n\n<p>Bajo el mismo tenor, el gobernador C\u00e9spedes exhort\u00f3 a la poblaci\u00f3n a respetar el radio de seguridad de 12 kil\u00f3metros a partir del cr\u00e1ter del coloso.<br>En otro tema, se coment\u00f3 que prev\u00e9n lluvias ligeras en los municipios de Yaon\u00e1huac, Ayotoxco, Tenampulco, Teziutl\u00e1n, Xiutetelco, Chignautla, Hueytamalco, Atempan, Libres y Puebla; adem\u00e1s de lluvias moderadas en las regiones de Tlapanal\u00e1, Tehuac\u00e1n y Cuetzalan, donde tambi\u00e9n se prev\u00e9 actividad el\u00e9ctrica.<\/p>\n","protected":false},"excerpt":{"rendered":"<p>El volc\u00e1n Popocat\u00e9petl registr\u00f3 42 exhalaciones, 78 minutos de tremor, as\u00ed como dos explosiones menores y tres de intensidad moderada durante las \u00faltimas 24 horas, as\u00ed lo inform\u00f3 Andr\u00e9s Villegas Mendoza, subsecretario de Gobernaci\u00f3n en conferencia de prensa. Por su parte el gobernador de Puebla, Sergio Salom\u00f3n C\u00e9spedes Peregrina, notific\u00f3 que el Sem\u00e1foro de Alerta [&hellip;]<\/p>\n","protected":false},"author":4,"featured_media":28890,"comment_status":"open","ping_status":"open","sticky":false,"template":"","format":"standard","meta":{"om_disable_all_campaigns":false,"_monsterinsights_skip_tracking":false,"_monsterinsights_sitenote_active":false,"_monsterinsights_sitenote_note":"","_monsterinsights_sitenote_category":0,"footnotes":""},"categories":[175],"tags":[195,223],"class_list":["post-28889","post","type-post","status-publish","format-standard","has-post-thumbnail","hentry","category-local","tag-principal","tag-puebla"],"amp_enabled":true,"_links":{"self":[{"href":"https:\/\/lahora.mx\/index.php\/wp-json\/wp\/v2\/posts\/28889","targetHints":{"allow":["GET"]}}],"collection":[{"href":"https:\/\/lahora.mx\/index.php\/wp-json\/wp\/v2\/posts"}],"about":[{"href":"https:\/\/lahora.mx\/index.php\/wp-json\/wp\/v2\/types\/post"}],"author":[{"embeddable":true,"href":"https:\/\/lahora.mx\/index.php\/wp-json\/wp\/v2\/users\/4"}],"replies":[{"embeddable":true,"href":"https:\/\/lahora.mx\/index.php\/wp-json\/wp\/v2\/comments?post=28889"}],"version-history":[{"count":1,"href":"https:\/\/lahora.mx\/index.php\/wp-json\/wp\/v2\/posts\/28889\/revisions"}],"predecessor-version":[{"id":28891,"href":"https:\/\/lahora.mx\/index.php\/wp-json\/wp\/v2\/posts\/28889\/revisions\/28891"}],"wp:featuredmedia":[{"embeddable":true,"href":"https:\/\/lahora.mx\/index.php\/wp-json\/wp\/v2\/media\/28890"}],"wp:attachment":[{"href":"https:\/\/lahora.mx\/index.php\/wp-json\/wp\/v2\/media?parent=28889"}],"wp:term":[{"taxonomy":"category","embeddable":true,"href":"https:\/\/lahora.mx\/index.php\/wp-json\/wp\/v2\/categories?post=28889"},{"taxonomy":"post_tag","embeddable":true,"href":"https:\/\/lahora.mx\/index.php\/wp-json\/wp\/v2\/tags?post=28889"}],"curies":[{"name":"wp","href":"https:\/\/api.w.org\/{rel}","templated":true}]}}