{"id":28882,"date":"2023-06-29T15:38:24","date_gmt":"2023-06-29T15:38:24","guid":{"rendered":"http:\/\/lahora.mx\/?p=28882"},"modified":"2023-06-29T15:40:49","modified_gmt":"2023-06-29T15:40:49","slug":"armenta-da-solucion-a-desabasto-de-agua-por-amor-a-puebla","status":"publish","type":"post","link":"https:\/\/lahora.mx\/index.php\/2023\/06\/29\/armenta-da-solucion-a-desabasto-de-agua-por-amor-a-puebla\/","title":{"rendered":"Armenta da soluci\u00f3n a desabasto de agua por amor a Puebla"},"content":{"rendered":"\n<p>Como parte del diagn\u00f3stico sobre las necesidades del Estado, el senador de Morena Alejandro Armenta plante\u00f3 una soluci\u00f3n al problema de desabasto de agua en colonias populares.<\/p>\n\n\n\n<p>El legislador poblano realiz\u00f3 la donaci\u00f3n de un sistema de captaci\u00f3n pluvial compuesto de canaletas, filtro y tanque de almacenamiento para una familia de escasos recursos en la junta auxiliar de La Resurrecci\u00f3n, \u00abse trata de un modelo accesible y sustentable para aprovechar el agua de lluvia para su almacenamiento\u00bb precis\u00f3 Alejandro Armenta.<\/p>\n\n\n\n<p>Este modelo, detall\u00f3 el legislador morenista, se sustenta en un proceso de filtraci\u00f3n para retener impurezas del agua de lluvia y, poderla ocupar para las necesidades que una familia tiene en su vida cotidiana.<\/p>\n\n\n\n<p>Vale la pena mencionar que, como parte de su quehacer legislativo, el senador Armenta ha impulsado la Ley General del Equilibrio Ecol\u00f3gico y la Protecci\u00f3n al Ambiente, la Ley de Cambio Clim\u00e1tico y la Ley de Aguas Nacionales en las que propone que el Estado a trav\u00e9s de las autoridades establezcan acciones de implementar sistemas de captaci\u00f3n, instalaci\u00f3n, manejo y gesti\u00f3n de aguas pluviales.<\/p>\n\n\n\n<p>Al visitar la junta auxiliar de La Resurrecci\u00f3n tambi\u00e9n don\u00f3 10 pipas de agua, como parte del compromiso que asumi\u00f3 desde el pasado 16 de mayo.<\/p>\n","protected":false},"excerpt":{"rendered":"<p>Como parte del diagn\u00f3stico sobre las necesidades del Estado, el senador de Morena Alejandro Armenta plante\u00f3 una soluci\u00f3n al problema de desabasto de agua en colonias populares. El legislador poblano realiz\u00f3 la donaci\u00f3n de un sistema de captaci\u00f3n pluvial compuesto de canaletas, filtro y tanque de almacenamiento para una familia de escasos recursos en la [&hellip;]<\/p>\n","protected":false},"author":4,"featured_media":28883,"comment_status":"open","ping_status":"open","sticky":false,"template":"","format":"standard","meta":{"om_disable_all_campaigns":false,"_monsterinsights_skip_tracking":false,"_monsterinsights_sitenote_active":false,"_monsterinsights_sitenote_note":"","_monsterinsights_sitenote_category":0,"footnotes":""},"categories":[175],"tags":[],"class_list":["post-28882","post","type-post","status-publish","format-standard","has-post-thumbnail","hentry","category-local"],"amp_enabled":true,"_links":{"self":[{"href":"https:\/\/lahora.mx\/index.php\/wp-json\/wp\/v2\/posts\/28882","targetHints":{"allow":["GET"]}}],"collection":[{"href":"https:\/\/lahora.mx\/index.php\/wp-json\/wp\/v2\/posts"}],"about":[{"href":"https:\/\/lahora.mx\/index.php\/wp-json\/wp\/v2\/types\/post"}],"author":[{"embeddable":true,"href":"https:\/\/lahora.mx\/index.php\/wp-json\/wp\/v2\/users\/4"}],"replies":[{"embeddable":true,"href":"https:\/\/lahora.mx\/index.php\/wp-json\/wp\/v2\/comments?post=28882"}],"version-history":[{"count":1,"href":"https:\/\/lahora.mx\/index.php\/wp-json\/wp\/v2\/posts\/28882\/revisions"}],"predecessor-version":[{"id":28884,"href":"https:\/\/lahora.mx\/index.php\/wp-json\/wp\/v2\/posts\/28882\/revisions\/28884"}],"wp:featuredmedia":[{"embeddable":true,"href":"https:\/\/lahora.mx\/index.php\/wp-json\/wp\/v2\/media\/28883"}],"wp:attachment":[{"href":"https:\/\/lahora.mx\/index.php\/wp-json\/wp\/v2\/media?parent=28882"}],"wp:term":[{"taxonomy":"category","embeddable":true,"href":"https:\/\/lahora.mx\/index.php\/wp-json\/wp\/v2\/categories?post=28882"},{"taxonomy":"post_tag","embeddable":true,"href":"https:\/\/lahora.mx\/index.php\/wp-json\/wp\/v2\/tags?post=28882"}],"curies":[{"name":"wp","href":"https:\/\/api.w.org\/{rel}","templated":true}]}}