{"id":28865,"date":"2023-06-29T01:04:45","date_gmt":"2023-06-29T01:04:45","guid":{"rendered":"http:\/\/lahora.mx\/?p=28865"},"modified":"2023-06-29T01:04:45","modified_gmt":"2023-06-29T01:04:45","slug":"787-estudiantes-de-tepeaca-reciben-certificado-de-estudios-de-programa-monae","status":"publish","type":"post","link":"https:\/\/lahora.mx\/index.php\/2023\/06\/29\/787-estudiantes-de-tepeaca-reciben-certificado-de-estudios-de-programa-monae\/","title":{"rendered":"787 Estudiantes de Tepeaca reciben certificado de estudios de programa MONAE"},"content":{"rendered":"\n<p>Adolescentes de Tepeaca recibieron 787 certificados de nivel primaria y secundaria de manos del gobernador Sergio Salom\u00f3n C\u00e9spedes Peregrina, por parte del programa Movimiento Nacional por la Alfabetizaci\u00f3n y la Educaci\u00f3n (MONAE), enfocado en mejorar la calidad de la educaci\u00f3n de j\u00f3venes del pa\u00eds entre los 15 y 18 a\u00f1os.<\/p>\n\n\n\n<p>El gobernador Sergio Salom\u00f3n, al entregar los certificados, expuso que, en coordinaci\u00f3n con la federaci\u00f3n y ayuntamientos, la administraci\u00f3n estatal promueve acciones para erradicar la desigualdad y el rezago educativo, tambi\u00e9n ha dotado de herramientas a los planteles de todo el estado a fin de que cuenten con espacios dignos para su desarrollo acad\u00e9mico e integral.<\/p>\n\n\n\n<p>Llam\u00f3 a madres y padres de familia a fortalecer los valores, hacer comunidad y a respaldar la labor que realizan los docentes, quienes son esenciales en la formaci\u00f3n de la ciudadan\u00eda del futuro. Invit\u00f3 tambi\u00e9n al profesorado a honrar su labor y seguir como una figura fundamental en el desarrollo de las nuevas generaciones.<br>Sergio Salom\u00f3n recalc\u00f3 que el gobierno estatal brinda condiciones para que infantes y j\u00f3venes reciban educaci\u00f3n de calidad y tengan un futuro con oportunidades.<\/p>\n\n\n\n<p>Nora Ruvalcaba G\u00e1mez, subsecretaria de Educaci\u00f3n Media Superior del Gobierno de M\u00e9xico, expuso que la administraci\u00f3n que encabeza Andr\u00e9s Manuel L\u00f3pez Obrador promueve acciones para atender el rezago educativo, ya que la formaci\u00f3n acad\u00e9mica es primordial para el desarrollo integral y el futuro del pa\u00eds.<\/p>\n\n\n\n<p>Permite trabajo colaborativo entre instancias gubernamentales abatir deserci\u00f3n escolar: SEP<\/p>\n\n\n\n<p>La secretaria de Educaci\u00f3n, Isabel Merlo Talavera, enfatiz\u00f3 que el trabajo colaborativo entre las autoridades federales, estatales y municipales, busca abatir la deserci\u00f3n escolar, como en el caso de la labor del Instituto Estatal de Educaci\u00f3n para Adultos (IEEA) en Puebla que ocupa el s\u00e9ptimo lugar a nivel nacional.<\/p>\n\n\n\n<p>Agreg\u00f3 que una de las prioridades de la Nueva Escuela Mexicana (NEM) es revalorizar la labor docente, basada en promover el aprendizaje de excelencia, inclusivo, colaborativo y equitativo a lo largo del trayecto de la formaci\u00f3n de las y los estudiantes poblanos; adem\u00e1s, invit\u00f3 a padres de familia a reflexionar y apoyar a profesores para fomentar y fortalecer los valores desde los hogares.<\/p>\n","protected":false},"excerpt":{"rendered":"<p>Adolescentes de Tepeaca recibieron 787 certificados de nivel primaria y secundaria de manos del gobernador Sergio Salom\u00f3n C\u00e9spedes Peregrina, por parte del programa Movimiento Nacional por la Alfabetizaci\u00f3n y la Educaci\u00f3n (MONAE), enfocado en mejorar la calidad de la educaci\u00f3n de j\u00f3venes del pa\u00eds entre los 15 y 18 a\u00f1os. El gobernador Sergio Salom\u00f3n, al [&hellip;]<\/p>\n","protected":false},"author":4,"featured_media":28866,"comment_status":"open","ping_status":"open","sticky":false,"template":"","format":"standard","meta":{"om_disable_all_campaigns":false,"_monsterinsights_skip_tracking":false,"_monsterinsights_sitenote_active":false,"_monsterinsights_sitenote_note":"","_monsterinsights_sitenote_category":0,"footnotes":""},"categories":[175],"tags":[223],"class_list":["post-28865","post","type-post","status-publish","format-standard","has-post-thumbnail","hentry","category-local","tag-puebla"],"amp_enabled":true,"_links":{"self":[{"href":"https:\/\/lahora.mx\/index.php\/wp-json\/wp\/v2\/posts\/28865","targetHints":{"allow":["GET"]}}],"collection":[{"href":"https:\/\/lahora.mx\/index.php\/wp-json\/wp\/v2\/posts"}],"about":[{"href":"https:\/\/lahora.mx\/index.php\/wp-json\/wp\/v2\/types\/post"}],"author":[{"embeddable":true,"href":"https:\/\/lahora.mx\/index.php\/wp-json\/wp\/v2\/users\/4"}],"replies":[{"embeddable":true,"href":"https:\/\/lahora.mx\/index.php\/wp-json\/wp\/v2\/comments?post=28865"}],"version-history":[{"count":1,"href":"https:\/\/lahora.mx\/index.php\/wp-json\/wp\/v2\/posts\/28865\/revisions"}],"predecessor-version":[{"id":28867,"href":"https:\/\/lahora.mx\/index.php\/wp-json\/wp\/v2\/posts\/28865\/revisions\/28867"}],"wp:featuredmedia":[{"embeddable":true,"href":"https:\/\/lahora.mx\/index.php\/wp-json\/wp\/v2\/media\/28866"}],"wp:attachment":[{"href":"https:\/\/lahora.mx\/index.php\/wp-json\/wp\/v2\/media?parent=28865"}],"wp:term":[{"taxonomy":"category","embeddable":true,"href":"https:\/\/lahora.mx\/index.php\/wp-json\/wp\/v2\/categories?post=28865"},{"taxonomy":"post_tag","embeddable":true,"href":"https:\/\/lahora.mx\/index.php\/wp-json\/wp\/v2\/tags?post=28865"}],"curies":[{"name":"wp","href":"https:\/\/api.w.org\/{rel}","templated":true}]}}