{"id":28862,"date":"2023-06-29T00:49:12","date_gmt":"2023-06-29T00:49:12","guid":{"rendered":"http:\/\/lahora.mx\/?p=28862"},"modified":"2023-06-29T00:49:13","modified_gmt":"2023-06-29T00:49:13","slug":"en-sus-egresados-la-buap-deja-una-solida-formacion-academica-rectora-maria-lilia-cedillo-ramirez","status":"publish","type":"post","link":"https:\/\/lahora.mx\/index.php\/2023\/06\/29\/en-sus-egresados-la-buap-deja-una-solida-formacion-academica-rectora-maria-lilia-cedillo-ramirez\/","title":{"rendered":"En sus egresados, la BUAP deja una s\u00f3lida formaci\u00f3n acad\u00e9mica: Rectora Mar\u00eda Lilia Cedillo Ram\u00edrez"},"content":{"rendered":"\n<p>La BUAP deja una huella imborrable en sus estudiantes: una s\u00f3lida formaci\u00f3n acad\u00e9mica que les permite continuar su preparaci\u00f3n en pregrado o posgrado, as\u00ed como tener \u00e9xito en su vida profesional, subray\u00f3 la Rectora Mar\u00eda Lilia Cedillo Ram\u00edrez, al presidir las ceremonias de graduaci\u00f3n de estudiantes del Complejo Regional Mixteca y de la Preparatoria Emiliano Zapata.<\/p>\n\n\n\n<p>A los egresados de las licenciaturas en Contadur\u00eda P\u00fablica, Administraci\u00f3n de Empresas y Administraci\u00f3n Tur\u00edstica, del Complejo Regional Mixteca, sede Atlixco, la primera de las dos ceremonias que presidi\u00f3 como madrina de generaci\u00f3n, les dese\u00f3 \u00e9xito en su desempe\u00f1o profesional y les record\u00f3 que la BUAP es una instituci\u00f3n de puertas abiertas para continuar sus estudios. \u201cLa universidad es su casa; lo ha sido y lo seguir\u00e1 siendo, ustedes llevan su marca\u201d.<\/p>\n\n\n\n<p>En el teatro del Complejo Cultural Universitario, donde tuvo lugar esta graduaci\u00f3n, consider\u00f3 que son generaciones que vivieron una etapa dif\u00edcil por la pandemia, lo cual los hizo valorar el reencuentro con sus compa\u00f1eros. \u201cLos problemas nos hacen m\u00e1s fuertes y ustedes tienen una familia que los apoya y una familia universitaria que los quiere\u201d, expres\u00f3.<\/p>\n\n\n\n<p>En su mensaje, Gabriel P\u00e9rez Galmiche, director del Complejo Regional Mixteca, se\u00f1al\u00f3 que la BUAP abri\u00f3 sus puertas a los j\u00f3venes de esta regi\u00f3n, como una idea innovadora para responder a las necesidades de las comunidades y contribuir a impulsar polos de desarrollo.<\/p>\n\n\n\n<p>M\u00e1s tarde, en el auditorio del Complejo Cultural Universitario, la doctora Cedillo encabez\u00f3 junto con la directora Martha Alicia Herrera L\u00f3pez y los coordinadores acad\u00e9mico y administrativo de la Preparatoria Emiliano Zapata, la ceremonia de graduaci\u00f3n de 587 egresados de las sedes de la ciudad de Puebla y de su extensi\u00f3n en San Mart\u00edn Texmelucan.<\/p>\n\n\n\n<p>Tras expresar su emoci\u00f3n como egresada de esta unidad acad\u00e9mica, en la cual reconoci\u00f3 fortalezas acad\u00e9micas y el papel que desempe\u00f1an sus docentes en la preparaci\u00f3n de sus alumnos, confi\u00f3 que ingresar\u00e1n sin mayor problema al pregrado: \u201cS\u00e9 que van a asumir con mucha entereza este nuevo reto y van a tener mucho \u00e9xito porque en esta escuela los han ense\u00f1ado a aprender, aqu\u00ed hay un esfuerzo extra para salir adelante y su paso por la licenciatura va a ser f\u00e1cil: llevan bases acad\u00e9micas muy s\u00f3lidas\u201d.<\/p>\n","protected":false},"excerpt":{"rendered":"<p>La BUAP deja una huella imborrable en sus estudiantes: una s\u00f3lida formaci\u00f3n acad\u00e9mica que les permite continuar su preparaci\u00f3n en pregrado o posgrado, as\u00ed como tener \u00e9xito en su vida profesional, subray\u00f3 la Rectora Mar\u00eda Lilia Cedillo Ram\u00edrez, al presidir las ceremonias de graduaci\u00f3n de estudiantes del Complejo Regional Mixteca y de la Preparatoria Emiliano [&hellip;]<\/p>\n","protected":false},"author":4,"featured_media":28863,"comment_status":"open","ping_status":"open","sticky":false,"template":"","format":"standard","meta":{"om_disable_all_campaigns":false,"_monsterinsights_skip_tracking":false,"_monsterinsights_sitenote_active":false,"_monsterinsights_sitenote_note":"","_monsterinsights_sitenote_category":0,"footnotes":""},"categories":[175],"tags":[186,223],"class_list":["post-28862","post","type-post","status-publish","format-standard","has-post-thumbnail","hentry","category-local","tag-buap","tag-puebla"],"amp_enabled":true,"_links":{"self":[{"href":"https:\/\/lahora.mx\/index.php\/wp-json\/wp\/v2\/posts\/28862","targetHints":{"allow":["GET"]}}],"collection":[{"href":"https:\/\/lahora.mx\/index.php\/wp-json\/wp\/v2\/posts"}],"about":[{"href":"https:\/\/lahora.mx\/index.php\/wp-json\/wp\/v2\/types\/post"}],"author":[{"embeddable":true,"href":"https:\/\/lahora.mx\/index.php\/wp-json\/wp\/v2\/users\/4"}],"replies":[{"embeddable":true,"href":"https:\/\/lahora.mx\/index.php\/wp-json\/wp\/v2\/comments?post=28862"}],"version-history":[{"count":1,"href":"https:\/\/lahora.mx\/index.php\/wp-json\/wp\/v2\/posts\/28862\/revisions"}],"predecessor-version":[{"id":28864,"href":"https:\/\/lahora.mx\/index.php\/wp-json\/wp\/v2\/posts\/28862\/revisions\/28864"}],"wp:featuredmedia":[{"embeddable":true,"href":"https:\/\/lahora.mx\/index.php\/wp-json\/wp\/v2\/media\/28863"}],"wp:attachment":[{"href":"https:\/\/lahora.mx\/index.php\/wp-json\/wp\/v2\/media?parent=28862"}],"wp:term":[{"taxonomy":"category","embeddable":true,"href":"https:\/\/lahora.mx\/index.php\/wp-json\/wp\/v2\/categories?post=28862"},{"taxonomy":"post_tag","embeddable":true,"href":"https:\/\/lahora.mx\/index.php\/wp-json\/wp\/v2\/tags?post=28862"}],"curies":[{"name":"wp","href":"https:\/\/api.w.org\/{rel}","templated":true}]}}