{"id":2886,"date":"2022-02-08T21:28:35","date_gmt":"2022-02-08T21:28:35","guid":{"rendered":"http:\/\/lahora.mx\/?p=2886"},"modified":"2022-02-08T21:28:36","modified_gmt":"2022-02-08T21:28:36","slug":"cuarta-ola-de-covid-19-va-a-la-baja","status":"publish","type":"post","link":"https:\/\/lahora.mx\/index.php\/2022\/02\/08\/cuarta-ola-de-covid-19-va-a-la-baja\/","title":{"rendered":"Cuarta ola de covid-19 va a la baja"},"content":{"rendered":"\n<p>Al registrarse un nuevo descenso en los contagios por covid-19, el subsecretario de Salud, Hugo L\u00f3pez-Gatell, asegur\u00f3 que la cuarta ola de covid-19 va a la baja y que la variante \u201c<strong><a href=\"https:\/\/www.excelsior.com.mx\/nacional\/omicron-colapso-sector-salud-mexico\/1494074\" target=\"_blank\" rel=\"noreferrer noopener\">\u00d3micron no signific\u00f3 un da\u00f1o mayor<\/a><\/strong>\u201d.<\/p>\n\n\n\n<p>Durante la conferencia matutina en Palacio Nacional, el funcionario federal indic\u00f3 que esta semana es la tercera con cifras a la baja y se espera que \u00e9sta contin\u00fae.<br>No obstante, el subsecretario de Salud advirti\u00f3 que si bien\u00a0<strong><a href=\"https:\/\/www.excelsior.com.mx\/nacional\/mexico-casos-covid-muertes-hoy-7-de-febrero\/1497241\" target=\"_blank\" rel=\"noreferrer noopener\">se prev\u00e9 se mantenga a la baja la curva epid\u00e9mica<\/a><\/strong>, debido a la naturaleza del virus podr\u00eda darse un repunte, por lo que en caso de ello sucediera se informar\u00eda a la sociedad.<\/p>\n\n\n\n<p>Explic\u00f3 que al momento hay 156 mil 916 casos estimados activos en el pa\u00eds, cifra que es menor a la registrada en semanas anteriores.<br><\/p>\n\n\n\n<p>Esta tendencia, explic\u00f3, tambi\u00e9n se ve en lo relacionado a hospitalizaciones, pues en 12 d\u00edas \u00e9stas se redujeron. As\u00ed, la reducci\u00f3n entre el m\u00e1ximo pico de la segunda ola de covid-19 a la fecha, ha habido una baja de 69 por ciento en hospitalizaciones.<\/p>\n\n\n\n<p>En lo que respecta a los decesos a causa del SARS-CoV-2, L\u00f3pez-Gatell detall\u00f3 que hay un periodo de 21 d\u00edas entre la reducci\u00f3n o incremento de contagios y la mortalidad, por lo que se prev\u00e9 que esta semana este campo se estabilice y la siguiente tenga una baja.<\/p>\n\n\n\n<p>Agreg\u00f3 que actualmente 83 millones 917 mil 663 personas han sido vacunadas contra covid-19, de las cuales 94 por ciento ya tiene un esquema completo.<\/p>\n\n\n\n<p>As\u00ed, la cobertura de inmunizaci\u00f3n de la poblaci\u00f3n de 14 a\u00f1os en adelante es de 86 por ciento, asegur\u00f3.<\/p>\n","protected":false},"excerpt":{"rendered":"<p>Al registrarse un nuevo descenso en los contagios por covid-19, el subsecretario de Salud, Hugo L\u00f3pez-Gatell, asegur\u00f3 que la cuarta ola de covid-19 va a la baja y que la variante \u201c\u00d3micron no signific\u00f3 un da\u00f1o mayor\u201d. Durante la conferencia matutina en Palacio Nacional, el funcionario federal indic\u00f3 que esta semana es la tercera con [&hellip;]<\/p>\n","protected":false},"author":4,"featured_media":2887,"comment_status":"open","ping_status":"open","sticky":false,"template":"","format":"standard","meta":{"om_disable_all_campaigns":false,"_monsterinsights_skip_tracking":false,"_monsterinsights_sitenote_active":false,"_monsterinsights_sitenote_note":"","_monsterinsights_sitenote_category":0,"footnotes":""},"categories":[175,176],"tags":[195],"class_list":["post-2886","post","type-post","status-publish","format-standard","has-post-thumbnail","hentry","category-local","category-nacional","tag-principal"],"amp_enabled":true,"_links":{"self":[{"href":"https:\/\/lahora.mx\/index.php\/wp-json\/wp\/v2\/posts\/2886","targetHints":{"allow":["GET"]}}],"collection":[{"href":"https:\/\/lahora.mx\/index.php\/wp-json\/wp\/v2\/posts"}],"about":[{"href":"https:\/\/lahora.mx\/index.php\/wp-json\/wp\/v2\/types\/post"}],"author":[{"embeddable":true,"href":"https:\/\/lahora.mx\/index.php\/wp-json\/wp\/v2\/users\/4"}],"replies":[{"embeddable":true,"href":"https:\/\/lahora.mx\/index.php\/wp-json\/wp\/v2\/comments?post=2886"}],"version-history":[{"count":1,"href":"https:\/\/lahora.mx\/index.php\/wp-json\/wp\/v2\/posts\/2886\/revisions"}],"predecessor-version":[{"id":2888,"href":"https:\/\/lahora.mx\/index.php\/wp-json\/wp\/v2\/posts\/2886\/revisions\/2888"}],"wp:featuredmedia":[{"embeddable":true,"href":"https:\/\/lahora.mx\/index.php\/wp-json\/wp\/v2\/media\/2887"}],"wp:attachment":[{"href":"https:\/\/lahora.mx\/index.php\/wp-json\/wp\/v2\/media?parent=2886"}],"wp:term":[{"taxonomy":"category","embeddable":true,"href":"https:\/\/lahora.mx\/index.php\/wp-json\/wp\/v2\/categories?post=2886"},{"taxonomy":"post_tag","embeddable":true,"href":"https:\/\/lahora.mx\/index.php\/wp-json\/wp\/v2\/tags?post=2886"}],"curies":[{"name":"wp","href":"https:\/\/api.w.org\/{rel}","templated":true}]}}