{"id":28853,"date":"2023-06-29T00:30:21","date_gmt":"2023-06-29T00:30:21","guid":{"rendered":"http:\/\/lahora.mx\/?p=28853"},"modified":"2023-06-29T00:30:21","modified_gmt":"2023-06-29T00:30:21","slug":"madonna-es-hospitalizada-por-una-grave-infeccion-bacteriana","status":"publish","type":"post","link":"https:\/\/lahora.mx\/index.php\/2023\/06\/29\/madonna-es-hospitalizada-por-una-grave-infeccion-bacteriana\/","title":{"rendered":"Madonna es hospitalizada por una grave infecci\u00f3n bacteriana"},"content":{"rendered":"\n<p>Madonna fue encontrada inconsciente en su departamento en Nueva York, por lo que inmediatamente fue trasladada de emergencia en un hospital de esta ciudad, seg\u00fan revel\u00f3 la p\u00e1gina de espect\u00e1culos Page Six.<\/p>\n\n\n\n<p>De acuerdo con informaci\u00f3n de este medio estadunidense, la cantante fue intubada durante al menos una noche hasta que le quitaron el tubo, por el momento, se encuentra recuperando, aunque los doctores siguen vigilando que todo se encuentre bien.<\/p>\n\n\n\n<p>Page Six cuenta que su hija Lourdes Le\u00f3n estuvo a su lado durante todo el calvario que pas\u00f3 la Reina del Pop, quien se presentar\u00eda pr\u00f3ximamente en un nuevo tour mundial.<\/p>\n\n\n\n<p>El manager de Madonna, Guy Oseary, comparti\u00f3 en Instagram que la cantante hab\u00eda \u201cdesarrollado una infecci\u00f3n bacteriana grave que lo llev\u00f3 a permanecer varios d\u00edas en la unidad de cuidados intensivos.<\/p>\n\n\n\n<p>Si bien el manager dice que la Reina del Pop ahora est\u00e1 \u201cfuera de la UCI\u201d, explic\u00f3 Oseary en su publicaci\u00f3n, \u201cElla todav\u00eda est\u00e1 bajo atenci\u00f3n m\u00e9dica. Se espera una recuperaci\u00f3n total\u201d.<br><\/p>\n\n\n\n<p>A principios de este a\u00f1o, Madonna anunci\u00f3 que lanzar\u00eda su gira \u201cCelebration\u201d en honor al 40 aniversario de su carrera musical.<\/p>\n\n\n\n<p>Se esperaba que la gira mundial de 84 fechas comenzara el 15 de julio en el Rogers Arena de Vancouver, pero la publicaci\u00f3n de Instagram de Oseary revel\u00f3 que se pospuso debido al problema de salud.<\/p>\n\n\n\n<p>\u201cCompartiremos m\u00e1s detalles con ustedes tan pronto como los tengamos, incluida una nueva fecha de inicio para la gira y para los espect\u00e1culos reprogramados\u201d, agreg\u00f3.<\/p>\n\n\n\n<p>La cantante de 64 a\u00f1os, originaria de Bay City, Michigan, festeja cuatro d\u00e9cadas de trayectoria art\u00edstica, con esta gira que agot\u00f3 44 shows, en ciudades como Toronto, Chicago, Nueva York, Los \u00c1ngeles, Londres y Par\u00eds; y una lista de sus m\u00e1s grandes \u00e9xitos a lo largo de su extensa propuesta musical, tales como Like aVirgin, Papa Don\u2019t Preach, Vogue y La isla bonita, entre muchos otros.<\/p>\n","protected":false},"excerpt":{"rendered":"<p>Madonna fue encontrada inconsciente en su departamento en Nueva York, por lo que inmediatamente fue trasladada de emergencia en un hospital de esta ciudad, seg\u00fan revel\u00f3 la p\u00e1gina de espect\u00e1culos Page Six. De acuerdo con informaci\u00f3n de este medio estadunidense, la cantante fue intubada durante al menos una noche hasta que le quitaron el tubo, [&hellip;]<\/p>\n","protected":false},"author":4,"featured_media":28854,"comment_status":"open","ping_status":"open","sticky":false,"template":"","format":"standard","meta":{"om_disable_all_campaigns":false,"_monsterinsights_skip_tracking":false,"_monsterinsights_sitenote_active":false,"_monsterinsights_sitenote_note":"","_monsterinsights_sitenote_category":0,"footnotes":""},"categories":[3,183],"tags":[],"class_list":["post-28853","post","type-post","status-publish","format-standard","has-post-thumbnail","hentry","category-entretenimiento","category-internacional"],"amp_enabled":true,"_links":{"self":[{"href":"https:\/\/lahora.mx\/index.php\/wp-json\/wp\/v2\/posts\/28853","targetHints":{"allow":["GET"]}}],"collection":[{"href":"https:\/\/lahora.mx\/index.php\/wp-json\/wp\/v2\/posts"}],"about":[{"href":"https:\/\/lahora.mx\/index.php\/wp-json\/wp\/v2\/types\/post"}],"author":[{"embeddable":true,"href":"https:\/\/lahora.mx\/index.php\/wp-json\/wp\/v2\/users\/4"}],"replies":[{"embeddable":true,"href":"https:\/\/lahora.mx\/index.php\/wp-json\/wp\/v2\/comments?post=28853"}],"version-history":[{"count":1,"href":"https:\/\/lahora.mx\/index.php\/wp-json\/wp\/v2\/posts\/28853\/revisions"}],"predecessor-version":[{"id":28855,"href":"https:\/\/lahora.mx\/index.php\/wp-json\/wp\/v2\/posts\/28853\/revisions\/28855"}],"wp:featuredmedia":[{"embeddable":true,"href":"https:\/\/lahora.mx\/index.php\/wp-json\/wp\/v2\/media\/28854"}],"wp:attachment":[{"href":"https:\/\/lahora.mx\/index.php\/wp-json\/wp\/v2\/media?parent=28853"}],"wp:term":[{"taxonomy":"category","embeddable":true,"href":"https:\/\/lahora.mx\/index.php\/wp-json\/wp\/v2\/categories?post=28853"},{"taxonomy":"post_tag","embeddable":true,"href":"https:\/\/lahora.mx\/index.php\/wp-json\/wp\/v2\/tags?post=28853"}],"curies":[{"name":"wp","href":"https:\/\/api.w.org\/{rel}","templated":true}]}}