{"id":28847,"date":"2023-06-28T23:52:59","date_gmt":"2023-06-28T23:52:59","guid":{"rendered":"http:\/\/lahora.mx\/?p=28847"},"modified":"2023-06-28T23:53:00","modified_gmt":"2023-06-28T23:53:00","slug":"edmundo-tlatehui-apoya-prohibicion-de-pinta-de-bardas-politicas-en-puebla","status":"publish","type":"post","link":"https:\/\/lahora.mx\/index.php\/2023\/06\/28\/edmundo-tlatehui-apoya-prohibicion-de-pinta-de-bardas-politicas-en-puebla\/","title":{"rendered":"Edmundo Tlatehui apoya prohibici\u00f3n de pinta de bardas pol\u00edticas en Puebla"},"content":{"rendered":"\n<p>El presidente municipal de San Andr\u00e9s Cholula, Edmundo Tlatehui Percino, aplaudi\u00f3 el decreto estatal para sancionar la pinta de bardas y mobiliario urbano de Puebla con fines pol\u00edticos.<\/p>\n\n\n\n<p>En entrevista a medios locales, se\u00f1al\u00f3 que el ayuntamiento de San Andr\u00e9s Cholula ha recibido algunas quejas de la ciudadan\u00eda, porque se han rotulado bardas para aspirantes a cargos p\u00fablicos, incluso mobiliario urbano, aunque est\u00e1 en jurisdicci\u00f3n del gobierno estatal.<\/p>\n\n\n\n<p>\u201cYo veo con buenos ojos esa medida, siempre he comentado que hay que ser respetuosos de los tiempos y respetuosos de los ciudadanos\u201d, se\u00f1al\u00f3 el alcalde sanandrese\u00f1o.<\/p>\n\n\n\n<p>Afirm\u00f3 que en su jurisdicci\u00f3n se han identificado algunas pintas de bardas que est\u00e1n en vialidades a cargo del gobierno del estado de Puebla.<\/p>\n\n\n\n<p>Sin embargo, dijo, el gobierno sanandrese\u00f1o se coordina con el estatal para identificar estos espacios y evitar que se sigan rotulando.<\/p>\n\n\n\n<p>La Consejer\u00eda Jur\u00eddica estatal inform\u00f3 que las multas econ\u00f3micas podr\u00edan ir entre los 20 y 20 mil Unidades de Medida y Actualizaci\u00f3n (UMA), es decir, de 2 mil hasta los 2 millones de pesos.<\/p>\n\n\n\n<p>Hace unos d\u00edas se public\u00f3 un decreto para proteger de publicidad dichos elementos urbanos, con lo que se busca evitar que el mobiliario urbano sea da\u00f1ado y utilizado con fines fuera de ley.<\/p>\n\n\n\n<p>El mismo exhorta a los 217 ayuntamientos a coadyuvar con la autoridad estatal para verificar que el mobiliario urbano no sea afectado.<\/p>\n\n\n\n<p>El titular de la Consejer\u00eda Jur\u00eddica del Ejecutivo, Jonathan \u00c1valos Mel\u00e9ndez, explic\u00f3 que las secretar\u00edas de Medio Ambiente, Desarrollo Sustentable y Ordenamiento Territorial e Infraestructura dar\u00e1n mantenimiento y repondr\u00e1n cualquier afectaci\u00f3n del mobiliario.<\/p>\n\n\n\n<p>Adem\u00e1s, detall\u00f3 que dichas dependencias realizar\u00e1n las obras correspondientes para evitar la contaminaci\u00f3n visual en el mobiliario urbano, adem\u00e1s de llevar a cabo las acciones necesarias para promover las sanciones correspondientes, que pueden ser de \u00edndole penal.<\/p>\n","protected":false},"excerpt":{"rendered":"<p>El presidente municipal de San Andr\u00e9s Cholula, Edmundo Tlatehui Percino, aplaudi\u00f3 el decreto estatal para sancionar la pinta de bardas y mobiliario urbano de Puebla con fines pol\u00edticos. En entrevista a medios locales, se\u00f1al\u00f3 que el ayuntamiento de San Andr\u00e9s Cholula ha recibido algunas quejas de la ciudadan\u00eda, porque se han rotulado bardas para aspirantes [&hellip;]<\/p>\n","protected":false},"author":4,"featured_media":28848,"comment_status":"open","ping_status":"open","sticky":false,"template":"","format":"standard","meta":{"om_disable_all_campaigns":false,"_monsterinsights_skip_tracking":false,"_monsterinsights_sitenote_active":false,"_monsterinsights_sitenote_note":"","_monsterinsights_sitenote_category":0,"footnotes":""},"categories":[175],"tags":[234,223],"class_list":["post-28847","post","type-post","status-publish","format-standard","has-post-thumbnail","hentry","category-local","tag-cholula","tag-puebla"],"amp_enabled":true,"_links":{"self":[{"href":"https:\/\/lahora.mx\/index.php\/wp-json\/wp\/v2\/posts\/28847","targetHints":{"allow":["GET"]}}],"collection":[{"href":"https:\/\/lahora.mx\/index.php\/wp-json\/wp\/v2\/posts"}],"about":[{"href":"https:\/\/lahora.mx\/index.php\/wp-json\/wp\/v2\/types\/post"}],"author":[{"embeddable":true,"href":"https:\/\/lahora.mx\/index.php\/wp-json\/wp\/v2\/users\/4"}],"replies":[{"embeddable":true,"href":"https:\/\/lahora.mx\/index.php\/wp-json\/wp\/v2\/comments?post=28847"}],"version-history":[{"count":1,"href":"https:\/\/lahora.mx\/index.php\/wp-json\/wp\/v2\/posts\/28847\/revisions"}],"predecessor-version":[{"id":28849,"href":"https:\/\/lahora.mx\/index.php\/wp-json\/wp\/v2\/posts\/28847\/revisions\/28849"}],"wp:featuredmedia":[{"embeddable":true,"href":"https:\/\/lahora.mx\/index.php\/wp-json\/wp\/v2\/media\/28848"}],"wp:attachment":[{"href":"https:\/\/lahora.mx\/index.php\/wp-json\/wp\/v2\/media?parent=28847"}],"wp:term":[{"taxonomy":"category","embeddable":true,"href":"https:\/\/lahora.mx\/index.php\/wp-json\/wp\/v2\/categories?post=28847"},{"taxonomy":"post_tag","embeddable":true,"href":"https:\/\/lahora.mx\/index.php\/wp-json\/wp\/v2\/tags?post=28847"}],"curies":[{"name":"wp","href":"https:\/\/api.w.org\/{rel}","templated":true}]}}