{"id":28703,"date":"2023-06-26T19:56:12","date_gmt":"2023-06-26T19:56:12","guid":{"rendered":"http:\/\/lahora.mx\/?p=28703"},"modified":"2023-06-26T19:56:13","modified_gmt":"2023-06-26T19:56:13","slug":"crece-la-actividad-economica-un-0-8-en-abril-su-mejor-registro-desde-septiembre-del-2022","status":"publish","type":"post","link":"https:\/\/lahora.mx\/index.php\/2023\/06\/26\/crece-la-actividad-economica-un-0-8-en-abril-su-mejor-registro-desde-septiembre-del-2022\/","title":{"rendered":"Crece la actividad econ\u00f3mica un 0.8% en abril, su mejor registro desde septiembre del 2022"},"content":{"rendered":"\n<p>La actividad econ\u00f3mica report\u00f3 en abril pasado su mejor avance en siete meses, de acuerdo con los datos divulgados por el Instituto Nacional de Estad\u00edstica y Geograf\u00eda (Inegi).<\/p>\n\n\n\n<p>El Indicador Global de la Actividad Econ\u00f3mica (IGAE), que da seguimiento mensual a la econom\u00eda mexicana, mostr\u00f3 un aumento de 0.8% mensual, con cifras desestacionalizadas, en el cuarto mes del a\u00f1o.<\/p>\n\n\n\n<p>El avance es el mejor que se tiene desde septiembre del a\u00f1o pasado, cuando la expansi\u00f3n fue de la misma magnitud.<\/p>\n\n\n\n<p>El dato mostrado qued\u00f3 por arriba de la estimaci\u00f3n previa del Inegi. El Indicador Oportuno de la Actividad Econ\u00f3mica (IOAE) pron\u00f3stico un avance de 0.6 por ciento.<\/p>\n\n\n\n<p>Hacia el cierre del a\u00f1o, el gobierno del presidente Andr\u00e9s Manuel L\u00f3pez Obrador espera que la econom\u00eda tenga un crecimiento puntual de 3.0 por ciento.<\/p>\n\n\n\n<p>En un inicio, la proyecci\u00f3n de crecimiento fue criticada y considerada como \u00aboptimista\u00bb por analistas, pero luego, con el fuerte arranque de a\u00f1o, se han revisado las proyecciones de diferentes instituciones, aunque contin\u00faan por debajo de la tasa de 3% del gobierno.<\/p>\n\n\n\n<p>En los datos desagregados, se observ\u00f3 que las actividades del sector primario intentaron revertir la ca\u00edda de 1.6 del mes previ\u00f3. Dichas actividades crecieron 1.2% mensual en abril.<\/p>\n\n\n\n<p>En el caso del sector secundaria, donde est\u00e1n las industrias, el crecimiento fue de apenas 0.4% en abril.<\/p>\n\n\n\n<p>Las actividades terciarias, donde est\u00e1n los servicios, mostraron un crecimiento de 1.0% respecto a marzo.<\/p>\n","protected":false},"excerpt":{"rendered":"<p>La actividad econ\u00f3mica report\u00f3 en abril pasado su mejor avance en siete meses, de acuerdo con los datos divulgados por el Instituto Nacional de Estad\u00edstica y Geograf\u00eda (Inegi). El Indicador Global de la Actividad Econ\u00f3mica (IGAE), que da seguimiento mensual a la econom\u00eda mexicana, mostr\u00f3 un aumento de 0.8% mensual, con cifras desestacionalizadas, en el [&hellip;]<\/p>\n","protected":false},"author":4,"featured_media":28704,"comment_status":"open","ping_status":"open","sticky":false,"template":"","format":"standard","meta":{"om_disable_all_campaigns":false,"_monsterinsights_skip_tracking":false,"_monsterinsights_sitenote_active":false,"_monsterinsights_sitenote_note":"","_monsterinsights_sitenote_category":0,"footnotes":""},"categories":[176],"tags":[29],"class_list":["post-28703","post","type-post","status-publish","format-standard","has-post-thumbnail","hentry","category-nacional","tag-business"],"amp_enabled":true,"_links":{"self":[{"href":"https:\/\/lahora.mx\/index.php\/wp-json\/wp\/v2\/posts\/28703","targetHints":{"allow":["GET"]}}],"collection":[{"href":"https:\/\/lahora.mx\/index.php\/wp-json\/wp\/v2\/posts"}],"about":[{"href":"https:\/\/lahora.mx\/index.php\/wp-json\/wp\/v2\/types\/post"}],"author":[{"embeddable":true,"href":"https:\/\/lahora.mx\/index.php\/wp-json\/wp\/v2\/users\/4"}],"replies":[{"embeddable":true,"href":"https:\/\/lahora.mx\/index.php\/wp-json\/wp\/v2\/comments?post=28703"}],"version-history":[{"count":1,"href":"https:\/\/lahora.mx\/index.php\/wp-json\/wp\/v2\/posts\/28703\/revisions"}],"predecessor-version":[{"id":28705,"href":"https:\/\/lahora.mx\/index.php\/wp-json\/wp\/v2\/posts\/28703\/revisions\/28705"}],"wp:featuredmedia":[{"embeddable":true,"href":"https:\/\/lahora.mx\/index.php\/wp-json\/wp\/v2\/media\/28704"}],"wp:attachment":[{"href":"https:\/\/lahora.mx\/index.php\/wp-json\/wp\/v2\/media?parent=28703"}],"wp:term":[{"taxonomy":"category","embeddable":true,"href":"https:\/\/lahora.mx\/index.php\/wp-json\/wp\/v2\/categories?post=28703"},{"taxonomy":"post_tag","embeddable":true,"href":"https:\/\/lahora.mx\/index.php\/wp-json\/wp\/v2\/tags?post=28703"}],"curies":[{"name":"wp","href":"https:\/\/api.w.org\/{rel}","templated":true}]}}