{"id":28697,"date":"2023-06-26T19:29:06","date_gmt":"2023-06-26T19:29:06","guid":{"rendered":"http:\/\/lahora.mx\/?p=28697"},"modified":"2023-06-26T19:29:07","modified_gmt":"2023-06-26T19:29:07","slug":"prepara-gobierno-federal-encuesta-nacional-sobre-consumo-de-drogas","status":"publish","type":"post","link":"https:\/\/lahora.mx\/index.php\/2023\/06\/26\/prepara-gobierno-federal-encuesta-nacional-sobre-consumo-de-drogas\/","title":{"rendered":"Prepara gobierno federal encuesta nacional sobre consumo de drogas"},"content":{"rendered":"\n<p>El gobierno federal prepara una encuesta nacional sobre consumo de drogas con el fin de tener un buen diagn\u00f3stico y mejorar las acciones en este sentido, as\u00ed lo inform\u00f3 en su conferencia ma\u00f1anera de este lunes 26 de junio el presidente de M\u00e9xico, Andr\u00e9s Manuel L\u00f3pez Obrador.<\/p>\n\n\n\n<p>En este sentido, el mandatario afirm\u00f3 que su gobierno tuvo un acierto al atender las causas del consumo de drogas a trav\u00e9s del enfoque hacia los j\u00f3venes, pero acept\u00f3 que a\u00fan falta mucho m\u00e1s que hacer en este tema.<\/p>\n\n\n\n<p>En m\u00e1s sobre el tema, el pol\u00edtico tabasque\u00f1o consider\u00f3 fundamental el que se fortalezca la identidad cultural, que se usen los valores que se tiene en M\u00e9xico, ya que a su consideraci\u00f3n esto es primordial tambi\u00e9n para que los j\u00f3venes no caigan en el consumo de las drogas.<\/p>\n\n\n\n<p>Afortunadamente no se tiene mucho consumo de drogas debido a la cohesi\u00f3n de las familias mexicanas. Por los valores espirituales y morales. Las familias en una concepci\u00f3n amplia y moderna es una instituci\u00f3n de seguridad social, la m\u00e1s importante de M\u00e9xico\u201d, extern\u00f3 el mandatario.<\/p>\n\n\n\n<p>Lucha contra fentanilo<br>Por \u00faltimo, L\u00f3pez Obrador dijo haber escuchado que Estados Unidos tuvo 120 mil muertes por fentanilo entre personas que van de los 18 a los 40 a\u00f1os de edad, algo que lament\u00f3 y por lo que expres\u00f3 su apoyo al gobierno de aquel pa\u00eds.<br>Seguimos trabajando para que no llegue esa droga, es muy da\u00f1ina, muy adictiva. Afortunadamente no padecemos en M\u00e9xico de un problema grave y ese es el objetivo, combatirla\u201d, afirm\u00f3 el presidente desde Palacio Nacional.<\/p>\n\n\n\n<p>Previo a concluir el tema, el jefe del Ejecutivo acept\u00f3 que se tienen detectados puntos de consumo de fentanilo como la frontera, as\u00ed como la zona de Guanajuato, lo que al final se traduce coment\u00f3 en los altos \u00edndices de homicidios en dichas regiones del pa\u00eds.<\/p>\n","protected":false},"excerpt":{"rendered":"<p>El gobierno federal prepara una encuesta nacional sobre consumo de drogas con el fin de tener un buen diagn\u00f3stico y mejorar las acciones en este sentido, as\u00ed lo inform\u00f3 en su conferencia ma\u00f1anera de este lunes 26 de junio el presidente de M\u00e9xico, Andr\u00e9s Manuel L\u00f3pez Obrador. En este sentido, el mandatario afirm\u00f3 que su [&hellip;]<\/p>\n","protected":false},"author":4,"featured_media":28698,"comment_status":"open","ping_status":"open","sticky":false,"template":"","format":"standard","meta":{"om_disable_all_campaigns":false,"_monsterinsights_skip_tracking":false,"_monsterinsights_sitenote_active":false,"_monsterinsights_sitenote_note":"","_monsterinsights_sitenote_category":0,"footnotes":""},"categories":[176],"tags":[],"class_list":["post-28697","post","type-post","status-publish","format-standard","has-post-thumbnail","hentry","category-nacional"],"amp_enabled":true,"_links":{"self":[{"href":"https:\/\/lahora.mx\/index.php\/wp-json\/wp\/v2\/posts\/28697","targetHints":{"allow":["GET"]}}],"collection":[{"href":"https:\/\/lahora.mx\/index.php\/wp-json\/wp\/v2\/posts"}],"about":[{"href":"https:\/\/lahora.mx\/index.php\/wp-json\/wp\/v2\/types\/post"}],"author":[{"embeddable":true,"href":"https:\/\/lahora.mx\/index.php\/wp-json\/wp\/v2\/users\/4"}],"replies":[{"embeddable":true,"href":"https:\/\/lahora.mx\/index.php\/wp-json\/wp\/v2\/comments?post=28697"}],"version-history":[{"count":1,"href":"https:\/\/lahora.mx\/index.php\/wp-json\/wp\/v2\/posts\/28697\/revisions"}],"predecessor-version":[{"id":28699,"href":"https:\/\/lahora.mx\/index.php\/wp-json\/wp\/v2\/posts\/28697\/revisions\/28699"}],"wp:featuredmedia":[{"embeddable":true,"href":"https:\/\/lahora.mx\/index.php\/wp-json\/wp\/v2\/media\/28698"}],"wp:attachment":[{"href":"https:\/\/lahora.mx\/index.php\/wp-json\/wp\/v2\/media?parent=28697"}],"wp:term":[{"taxonomy":"category","embeddable":true,"href":"https:\/\/lahora.mx\/index.php\/wp-json\/wp\/v2\/categories?post=28697"},{"taxonomy":"post_tag","embeddable":true,"href":"https:\/\/lahora.mx\/index.php\/wp-json\/wp\/v2\/tags?post=28697"}],"curies":[{"name":"wp","href":"https:\/\/api.w.org\/{rel}","templated":true}]}}