{"id":28691,"date":"2023-06-26T19:13:54","date_gmt":"2023-06-26T19:13:54","guid":{"rendered":"http:\/\/lahora.mx\/?p=28691"},"modified":"2023-06-26T19:13:54","modified_gmt":"2023-06-26T19:13:54","slug":"fallece-alfredo-victoria-excandidato-pes-a-la-alcaldia-de-puebla-en-2021","status":"publish","type":"post","link":"https:\/\/lahora.mx\/index.php\/2023\/06\/26\/fallece-alfredo-victoria-excandidato-pes-a-la-alcaldia-de-puebla-en-2021\/","title":{"rendered":"Fallece Alfredo Victoria, excandidato PES a la alcald\u00eda de Puebla en 2021"},"content":{"rendered":"\n<p>El gobernador de Puebla, Sergio Salom\u00f3n C\u00e9spedes Peregrina, confirm\u00f3 el fallecimiento del m\u00e9dico Alfredo Victoria Moreno, quien fue candidato del Partido Encuentro Solidario (PES) a la alcald\u00eda de Puebla en las elecciones de 2021.<\/p>\n\n\n\n<p>Durante su conferencia de prensa dio a conocer que el deceso ocurri\u00f3 la madrugada del lunes 26 de junio, aunque no ofreci\u00f3 mayores detalles. Sin embargo, trascendi\u00f3 que fue por causas naturales.<\/p>\n\n\n\n<p>\u201cUn hombre comedido, responsable, que junto con todo el Sector Salud, desde los diferentes frentes, ayud\u00f3 a salvar muchas vidas\u201d, expres\u00f3.<\/p>\n\n\n\n<p>Alfredo Victoria Moreno, de 42 a\u00f1os de edad, colaboraba con diferentes medios de comunicaci\u00f3n en Puebla, adem\u00e1s de que ten\u00eda presencia permanente a trav\u00e9s de sus videos en redes sociales.<\/p>\n\n\n\n<p>Adem\u00e1s de ser m\u00e9dico especialista en epidemiolog\u00eda, se desempe\u00f1\u00f3 como director en la Cruz Roja y asesor en la Secretar\u00eda de Salud. Tambi\u00e9n fue jefe jurisdiccional y subdirector estatal de Planeaci\u00f3n y Recursos de la dependencia.<\/p>\n","protected":false},"excerpt":{"rendered":"<p>El gobernador de Puebla, Sergio Salom\u00f3n C\u00e9spedes Peregrina, confirm\u00f3 el fallecimiento del m\u00e9dico Alfredo Victoria Moreno, quien fue candidato del Partido Encuentro Solidario (PES) a la alcald\u00eda de Puebla en las elecciones de 2021. Durante su conferencia de prensa dio a conocer que el deceso ocurri\u00f3 la madrugada del lunes 26 de junio, aunque no [&hellip;]<\/p>\n","protected":false},"author":4,"featured_media":28692,"comment_status":"open","ping_status":"open","sticky":false,"template":"","format":"standard","meta":{"om_disable_all_campaigns":false,"_monsterinsights_skip_tracking":false,"_monsterinsights_sitenote_active":false,"_monsterinsights_sitenote_note":"","_monsterinsights_sitenote_category":0,"footnotes":""},"categories":[175],"tags":[223],"class_list":["post-28691","post","type-post","status-publish","format-standard","has-post-thumbnail","hentry","category-local","tag-puebla"],"amp_enabled":true,"_links":{"self":[{"href":"https:\/\/lahora.mx\/index.php\/wp-json\/wp\/v2\/posts\/28691","targetHints":{"allow":["GET"]}}],"collection":[{"href":"https:\/\/lahora.mx\/index.php\/wp-json\/wp\/v2\/posts"}],"about":[{"href":"https:\/\/lahora.mx\/index.php\/wp-json\/wp\/v2\/types\/post"}],"author":[{"embeddable":true,"href":"https:\/\/lahora.mx\/index.php\/wp-json\/wp\/v2\/users\/4"}],"replies":[{"embeddable":true,"href":"https:\/\/lahora.mx\/index.php\/wp-json\/wp\/v2\/comments?post=28691"}],"version-history":[{"count":1,"href":"https:\/\/lahora.mx\/index.php\/wp-json\/wp\/v2\/posts\/28691\/revisions"}],"predecessor-version":[{"id":28693,"href":"https:\/\/lahora.mx\/index.php\/wp-json\/wp\/v2\/posts\/28691\/revisions\/28693"}],"wp:featuredmedia":[{"embeddable":true,"href":"https:\/\/lahora.mx\/index.php\/wp-json\/wp\/v2\/media\/28692"}],"wp:attachment":[{"href":"https:\/\/lahora.mx\/index.php\/wp-json\/wp\/v2\/media?parent=28691"}],"wp:term":[{"taxonomy":"category","embeddable":true,"href":"https:\/\/lahora.mx\/index.php\/wp-json\/wp\/v2\/categories?post=28691"},{"taxonomy":"post_tag","embeddable":true,"href":"https:\/\/lahora.mx\/index.php\/wp-json\/wp\/v2\/tags?post=28691"}],"curies":[{"name":"wp","href":"https:\/\/api.w.org\/{rel}","templated":true}]}}