{"id":28688,"date":"2023-06-26T19:01:04","date_gmt":"2023-06-26T19:01:04","guid":{"rendered":"http:\/\/lahora.mx\/?p=28688"},"modified":"2023-06-26T19:01:05","modified_gmt":"2023-06-26T19:01:05","slug":"claudia-sheinbaum-20-puntos-arriba-de-sus-companeros","status":"publish","type":"post","link":"https:\/\/lahora.mx\/index.php\/2023\/06\/26\/claudia-sheinbaum-20-puntos-arriba-de-sus-companeros\/","title":{"rendered":"Claudia Sheinbaum, 20 puntos arriba de sus compa\u00f1eros"},"content":{"rendered":"\n<p>En una encuesta llevada a cabo por De las Heras Demotecnia, realizada cuantitativamente a nivel nacional los d\u00edas 13, 14, 15 y 16 de junio, Claudia Sheinbaum, aspirante a la candidatura presidencial para las elecciones de 2024, se sit\u00faa por encima de sus compa\u00f1eros de f\u00f3rmula.<\/p>\n\n\n\n<p>La agencia realiz\u00f3 una serie de preguntas en las que destacan: preferencias por la candidatura; disposici\u00f3n al voto durante la pr\u00f3xima elecci\u00f3n presidencial, y aspirante m\u00e1s honesto.<\/p>\n\n\n\n<p>Claudia Sheinbaum, exjefa de Gobierno de la Ciudad de M\u00e9xico, supera en cada rubro a sus contendientes. El excanciller Marcelo Ebrard, quien m\u00e1s se acerca a ella en los n\u00fameros, se sit\u00faa detr\u00e1s por 20 puntos.<\/p>\n\n\n\n<p>En el \u00e1rea de preferencias por la candidatura presidencial de la alianza Morena-PT-Partido Verde, Claudia Sheinbaum obtuvo 41 por ciento de las preferencias frente a 20 puntos obtenidos por Marcelo Ebrard; en disposici\u00f3n del voto, la exjefa de gobierno lleg\u00f3 a 43 por ciento, mientras que el excanciller obtuvo 18; al respecto de la consideraci\u00f3n del aspirante m\u00e1s honesto, Sheinbaum Pardo obtuvo 33 por ciento de los votos contra 10 por ciento del extitular de la Secretar\u00eda de Relaciones Exteriores.<\/p>\n\n\n\n<p>Finalmente, en relaci\u00f3n a qui\u00e9n preferir\u00eda el presidente de la Rep\u00fablica para abanderar la Alianza Morena-PT-Partido Verde, Claudia Sheinbaum alcanz\u00f3 40 por ciento, frente a 17 de Marcelo Ebrard, su rival m\u00e1s pr\u00f3ximo.<\/p>\n\n\n\n<p>A su vez, el presidente Andr\u00e9s Manuel L\u00f3pez Obrador alcanza una aprobaci\u00f3n de 77 por ciento; Morena 51 por ciento de las preferencias como el partido por el que m\u00e1s se identifica la gente.<\/p>\n","protected":false},"excerpt":{"rendered":"<p>En una encuesta llevada a cabo por De las Heras Demotecnia, realizada cuantitativamente a nivel nacional los d\u00edas 13, 14, 15 y 16 de junio, Claudia Sheinbaum, aspirante a la candidatura presidencial para las elecciones de 2024, se sit\u00faa por encima de sus compa\u00f1eros de f\u00f3rmula. La agencia realiz\u00f3 una serie de preguntas en las [&hellip;]<\/p>\n","protected":false},"author":4,"featured_media":28689,"comment_status":"open","ping_status":"open","sticky":false,"template":"","format":"standard","meta":{"om_disable_all_campaigns":false,"_monsterinsights_skip_tracking":false,"_monsterinsights_sitenote_active":false,"_monsterinsights_sitenote_note":"","_monsterinsights_sitenote_category":0,"footnotes":""},"categories":[176,5],"tags":[],"class_list":["post-28688","post","type-post","status-publish","format-standard","has-post-thumbnail","hentry","category-nacional","category-politica"],"amp_enabled":true,"_links":{"self":[{"href":"https:\/\/lahora.mx\/index.php\/wp-json\/wp\/v2\/posts\/28688","targetHints":{"allow":["GET"]}}],"collection":[{"href":"https:\/\/lahora.mx\/index.php\/wp-json\/wp\/v2\/posts"}],"about":[{"href":"https:\/\/lahora.mx\/index.php\/wp-json\/wp\/v2\/types\/post"}],"author":[{"embeddable":true,"href":"https:\/\/lahora.mx\/index.php\/wp-json\/wp\/v2\/users\/4"}],"replies":[{"embeddable":true,"href":"https:\/\/lahora.mx\/index.php\/wp-json\/wp\/v2\/comments?post=28688"}],"version-history":[{"count":1,"href":"https:\/\/lahora.mx\/index.php\/wp-json\/wp\/v2\/posts\/28688\/revisions"}],"predecessor-version":[{"id":28690,"href":"https:\/\/lahora.mx\/index.php\/wp-json\/wp\/v2\/posts\/28688\/revisions\/28690"}],"wp:featuredmedia":[{"embeddable":true,"href":"https:\/\/lahora.mx\/index.php\/wp-json\/wp\/v2\/media\/28689"}],"wp:attachment":[{"href":"https:\/\/lahora.mx\/index.php\/wp-json\/wp\/v2\/media?parent=28688"}],"wp:term":[{"taxonomy":"category","embeddable":true,"href":"https:\/\/lahora.mx\/index.php\/wp-json\/wp\/v2\/categories?post=28688"},{"taxonomy":"post_tag","embeddable":true,"href":"https:\/\/lahora.mx\/index.php\/wp-json\/wp\/v2\/tags?post=28688"}],"curies":[{"name":"wp","href":"https:\/\/api.w.org\/{rel}","templated":true}]}}