{"id":28685,"date":"2023-06-26T18:47:29","date_gmt":"2023-06-26T18:47:29","guid":{"rendered":"http:\/\/lahora.mx\/?p=28685"},"modified":"2023-06-26T18:47:30","modified_gmt":"2023-06-26T18:47:30","slug":"candidato-de-la-oposicion-lo-elegira-claudio-x-gonzalez-amlo","status":"publish","type":"post","link":"https:\/\/lahora.mx\/index.php\/2023\/06\/26\/candidato-de-la-oposicion-lo-elegira-claudio-x-gonzalez-amlo\/","title":{"rendered":"Candidato de la oposici\u00f3n lo elegir\u00e1 Claudio X. Gonz\u00e1lez: AMLO"},"content":{"rendered":"\n<p>El presidente Andr\u00e9s Manuel L\u00f3pez Obrador asegur\u00f3 que el candidato de Va Por M\u00e9xico para la presidencia de la Rep\u00fablica en 2024 lo elegir\u00e1n Claudio X. Gonz\u00e1lez Guajardo y la \u00e9lite pol\u00edtica y econ\u00f3mica del pa\u00eds, por lo que consider\u00f3 que el m\u00e9todo que se anunciar\u00e1 es una simulaci\u00f3n.<\/p>\n\n\n\n<p>\u00abAhora se repite la historia, vuelven a buscar la unidad de esa manera en la c\u00fapula, ya no est\u00e1 Claudio X. Gonz\u00e1lez pap\u00e1, ahora el jefe es Claudio X. Gonz\u00e1lez hijo, que es el que va decidir, todo lo dem\u00e1s es pura faramalla, se est\u00e1n poniendo de acuerdo arriba la oligarqu\u00eda corrupta saqueadora para tener un candidato y regresar por sus fueros\u00bb.<\/p>\n\n\n\n<p>En su conferencia de prensa matutina, L\u00f3pez Obrador asegur\u00f3 que la oposici\u00f3n a\u00fan no tiene definido su m\u00e9todo de selecci\u00f3n de candidato presidencial, pero que lo \u00fanico que quieren es seguir saqueando al pa\u00eds.<\/p>\n\n\n\n<p>\u00abNo tienen programado nada, lo que quieren es seguir robando porque no tienen llenadera, entonces ya vi\u00e9ndolos en unos d\u00edas m\u00e1s hasta les puedo decir por adelantado qui\u00e9n va a ser el candidato de ellos\u00bb.<\/p>\n\n\n\n<p>L\u00f3pez Obrador asegur\u00f3 que en un par de d\u00edas revelar\u00e1 quien va a ser el candidato y \u00abestoy seguro que no me voy a equivocar. Yo les voy a decir porque son consultas arriba, en la \u00e9lite, el poder econ\u00f3mico el poder pol\u00edtico se nutren se alimentan mutuamente y ya les voy a decir (\u2026) no me voy a equivocar, ya eso est\u00e1 resulto, se re\u00fanen con anticipaci\u00f3n\u00bb.<\/p>\n\n\n\n<p>\u00abEmpiezan a hacer sus enjuagues y tienen que tomar algunos acuerdos se consulta, la c\u00fapula de los potentados tambi\u00e9n a la c\u00fapula pol\u00edtica del conservadurismo, qu\u00e9 opina Fox, qu\u00e9 opina Calder\u00f3n, qu\u00e9 opina Salinas, hacen esa consulta luego interact\u00faan con los intelectuales org\u00e1nicos escritores periodistas y ya despu\u00e9s se sabe\u00bb.<\/p>\n","protected":false},"excerpt":{"rendered":"<p>El presidente Andr\u00e9s Manuel L\u00f3pez Obrador asegur\u00f3 que el candidato de Va Por M\u00e9xico para la presidencia de la Rep\u00fablica en 2024 lo elegir\u00e1n Claudio X. Gonz\u00e1lez Guajardo y la \u00e9lite pol\u00edtica y econ\u00f3mica del pa\u00eds, por lo que consider\u00f3 que el m\u00e9todo que se anunciar\u00e1 es una simulaci\u00f3n. \u00abAhora se repite la historia, vuelven [&hellip;]<\/p>\n","protected":false},"author":4,"featured_media":28686,"comment_status":"open","ping_status":"open","sticky":false,"template":"","format":"standard","meta":{"om_disable_all_campaigns":false,"_monsterinsights_skip_tracking":false,"_monsterinsights_sitenote_active":false,"_monsterinsights_sitenote_note":"","_monsterinsights_sitenote_category":0,"footnotes":""},"categories":[176],"tags":[],"class_list":["post-28685","post","type-post","status-publish","format-standard","has-post-thumbnail","hentry","category-nacional"],"amp_enabled":true,"_links":{"self":[{"href":"https:\/\/lahora.mx\/index.php\/wp-json\/wp\/v2\/posts\/28685","targetHints":{"allow":["GET"]}}],"collection":[{"href":"https:\/\/lahora.mx\/index.php\/wp-json\/wp\/v2\/posts"}],"about":[{"href":"https:\/\/lahora.mx\/index.php\/wp-json\/wp\/v2\/types\/post"}],"author":[{"embeddable":true,"href":"https:\/\/lahora.mx\/index.php\/wp-json\/wp\/v2\/users\/4"}],"replies":[{"embeddable":true,"href":"https:\/\/lahora.mx\/index.php\/wp-json\/wp\/v2\/comments?post=28685"}],"version-history":[{"count":1,"href":"https:\/\/lahora.mx\/index.php\/wp-json\/wp\/v2\/posts\/28685\/revisions"}],"predecessor-version":[{"id":28687,"href":"https:\/\/lahora.mx\/index.php\/wp-json\/wp\/v2\/posts\/28685\/revisions\/28687"}],"wp:featuredmedia":[{"embeddable":true,"href":"https:\/\/lahora.mx\/index.php\/wp-json\/wp\/v2\/media\/28686"}],"wp:attachment":[{"href":"https:\/\/lahora.mx\/index.php\/wp-json\/wp\/v2\/media?parent=28685"}],"wp:term":[{"taxonomy":"category","embeddable":true,"href":"https:\/\/lahora.mx\/index.php\/wp-json\/wp\/v2\/categories?post=28685"},{"taxonomy":"post_tag","embeddable":true,"href":"https:\/\/lahora.mx\/index.php\/wp-json\/wp\/v2\/tags?post=28685"}],"curies":[{"name":"wp","href":"https:\/\/api.w.org\/{rel}","templated":true}]}}