{"id":28674,"date":"2023-06-26T17:09:08","date_gmt":"2023-06-26T17:09:08","guid":{"rendered":"http:\/\/lahora.mx\/?p=28674"},"modified":"2023-06-26T17:11:58","modified_gmt":"2023-06-26T17:11:58","slug":"maestros-se-manifiestan-en-sep-puebla-denunciando-acoso-laboral-e-intimidacion","status":"publish","type":"post","link":"https:\/\/lahora.mx\/index.php\/2023\/06\/26\/maestros-se-manifiestan-en-sep-puebla-denunciando-acoso-laboral-e-intimidacion\/","title":{"rendered":"Maestros se manifiestan en SEP Puebla denunciando acoso laboral e intimidaci\u00f3n"},"content":{"rendered":"\n<p>Docentes de la secci\u00f3n 23 y 51 del SNTE se manifestaron a fuera de las instalaciones de la Secretar\u00eda de Educaci\u00f3n P\u00fablica (SEP) del estado de Puebla para denunciar el acoso laboral y violaci\u00f3n a derechos humanos que han sufrido sus agremiados.<\/p>\n\n\n\n<p>En entrevista, Jorge Rodr\u00edguez Garc\u00eda, coordinador estatal de la agrupaci\u00f3n Redes Sociales Progresistas, asever\u00f3 que alrededor de 750 educadores del municipio de Amozoc, Cholula y Puebla, se encuentran inconformes con estas agresiones ejercidas por directores y supervisores.<\/p>\n\n\n\n<p>Manifest\u00f3 que dichas acciones se agudizaron desde la gesti\u00f3n de Melit\u00f3n Lozano Garc\u00eda. Sin embargo, expuso que cuando han intentado alzar la voz para exhibir la situaci\u00f3n en la cual se encuentran, son enviados a otros puntos del estado para modificar su traslado.<\/p>\n\n\n\n<p>\u201cChecan a d\u00f3nde es el domicilio de uno, por decir, s\u00ed yo soy de Puebla, me mandan a Acatl\u00e1n de Osorio o me ponen a disposici\u00f3n y te intimidan, la famosa represi\u00f3n\u201d, declar\u00f3.<\/p>\n\n\n\n<p>Por lo anterior, piden a la titular de la SEP, Isabel Merlo Talavera, que tome cartas en el asunto y que frene los actos de acoso laboral, as\u00ed como el inicio de una investigaci\u00f3n a los funcionarios que est\u00e1n perjudicando el ejercicio de los docentes de Puebla, los cuales, acusa, que han sido omisos en las peticiones que se hicieron.<\/p>\n\n\n\n<p>Tambi\u00e9n, mencion\u00f3 que en la anterior administraci\u00f3n sindical de Jaime Garc\u00eda Roque, fue denunciada en m\u00faltiples ocasiones por actos de corrupci\u00f3n y \u201csumiso\u201d ante Lozano Garc\u00eda.<\/p>\n","protected":false},"excerpt":{"rendered":"<p>Docentes de la secci\u00f3n 23 y 51 del SNTE se manifestaron a fuera de las instalaciones de la Secretar\u00eda de Educaci\u00f3n P\u00fablica (SEP) del estado de Puebla para denunciar el acoso laboral y violaci\u00f3n a derechos humanos que han sufrido sus agremiados. En entrevista, Jorge Rodr\u00edguez Garc\u00eda, coordinador estatal de la agrupaci\u00f3n Redes Sociales Progresistas, [&hellip;]<\/p>\n","protected":false},"author":4,"featured_media":28675,"comment_status":"open","ping_status":"open","sticky":false,"template":"","format":"standard","meta":{"om_disable_all_campaigns":false,"_monsterinsights_skip_tracking":false,"_monsterinsights_sitenote_active":false,"_monsterinsights_sitenote_note":"","_monsterinsights_sitenote_category":0,"footnotes":""},"categories":[175],"tags":[223],"class_list":["post-28674","post","type-post","status-publish","format-standard","has-post-thumbnail","hentry","category-local","tag-puebla"],"amp_enabled":true,"_links":{"self":[{"href":"https:\/\/lahora.mx\/index.php\/wp-json\/wp\/v2\/posts\/28674","targetHints":{"allow":["GET"]}}],"collection":[{"href":"https:\/\/lahora.mx\/index.php\/wp-json\/wp\/v2\/posts"}],"about":[{"href":"https:\/\/lahora.mx\/index.php\/wp-json\/wp\/v2\/types\/post"}],"author":[{"embeddable":true,"href":"https:\/\/lahora.mx\/index.php\/wp-json\/wp\/v2\/users\/4"}],"replies":[{"embeddable":true,"href":"https:\/\/lahora.mx\/index.php\/wp-json\/wp\/v2\/comments?post=28674"}],"version-history":[{"count":1,"href":"https:\/\/lahora.mx\/index.php\/wp-json\/wp\/v2\/posts\/28674\/revisions"}],"predecessor-version":[{"id":28676,"href":"https:\/\/lahora.mx\/index.php\/wp-json\/wp\/v2\/posts\/28674\/revisions\/28676"}],"wp:featuredmedia":[{"embeddable":true,"href":"https:\/\/lahora.mx\/index.php\/wp-json\/wp\/v2\/media\/28675"}],"wp:attachment":[{"href":"https:\/\/lahora.mx\/index.php\/wp-json\/wp\/v2\/media?parent=28674"}],"wp:term":[{"taxonomy":"category","embeddable":true,"href":"https:\/\/lahora.mx\/index.php\/wp-json\/wp\/v2\/categories?post=28674"},{"taxonomy":"post_tag","embeddable":true,"href":"https:\/\/lahora.mx\/index.php\/wp-json\/wp\/v2\/tags?post=28674"}],"curies":[{"name":"wp","href":"https:\/\/api.w.org\/{rel}","templated":true}]}}