{"id":28671,"date":"2023-06-26T17:05:43","date_gmt":"2023-06-26T17:05:43","guid":{"rendered":"http:\/\/lahora.mx\/?p=28671"},"modified":"2023-06-26T17:05:44","modified_gmt":"2023-06-26T17:05:44","slug":"ejecutan-y-calcinan-a-una-mujer-en-huaquechula","status":"publish","type":"post","link":"https:\/\/lahora.mx\/index.php\/2023\/06\/26\/ejecutan-y-calcinan-a-una-mujer-en-huaquechula\/","title":{"rendered":"Ejecutan y calcinan a una mujer en Huaquechula"},"content":{"rendered":"\n<p>Con el tiro de gracia y completamente calcinados, fueron encontrados los restos de una mujer en la localidad de Tezeontopan de Bonilla del municipio de Huaquechula; este acto de brutalidad extrema representa el feminicidio n\u00famero 33 del a\u00f1o en Puebla.<\/p>\n\n\n\n<p>Fue durante la ma\u00f1ana del s\u00e1bado 24 de junio cuando vecinos de Tezeontopan de Bonilla reportaron la presencia de un cuerpo humano calcinado y con una bolsa de pl\u00e1stico amarrada en la cabeza, en inmediaciones de las calles Ignacio Allende y 5 de Mayo.<\/p>\n\n\n\n<p>Al lugar arribaron elementos de la Polic\u00eda Municipal de Huaquechula, quienes se encargaron de acordonar el \u00e1rea a la espera de los agentes ministeriales de la Fiscal\u00eda General del Estado (FGE), que se encargaron de realizar las diligencias correspondientes y el levantamiento del cad\u00e1ver.<\/p>\n\n\n\n<p>El cuerpo de la v\u00edctima fue trasladado en calidad de desconocido a las instalaciones del Servicio M\u00e9dico Forense (Semefo).<\/p>\n\n\n\n<p>De acuerdo con los primeros indicios, se presume que la v\u00edctima fue ejecutada con el tiro de gracia en otro sitio y su cuerpo fue calcinado en el lugar donde fue hallado.<\/p>\n\n\n\n<p>Con el asesinato de esta mujer en el municipio de Huaquechula durante el fin de semana, la entidad poblana contabiliza un total de 33 feminicidios a lo largo del 2023<\/p>\n","protected":false},"excerpt":{"rendered":"<p>Con el tiro de gracia y completamente calcinados, fueron encontrados los restos de una mujer en la localidad de Tezeontopan de Bonilla del municipio de Huaquechula; este acto de brutalidad extrema representa el feminicidio n\u00famero 33 del a\u00f1o en Puebla. Fue durante la ma\u00f1ana del s\u00e1bado 24 de junio cuando vecinos de Tezeontopan de Bonilla [&hellip;]<\/p>\n","protected":false},"author":4,"featured_media":28672,"comment_status":"open","ping_status":"open","sticky":false,"template":"","format":"standard","meta":{"om_disable_all_campaigns":false,"_monsterinsights_skip_tracking":false,"_monsterinsights_sitenote_active":false,"_monsterinsights_sitenote_note":"","_monsterinsights_sitenote_category":0,"footnotes":""},"categories":[175,226],"tags":[223],"class_list":["post-28671","post","type-post","status-publish","format-standard","has-post-thumbnail","hentry","category-local","category-policia","tag-puebla"],"amp_enabled":true,"_links":{"self":[{"href":"https:\/\/lahora.mx\/index.php\/wp-json\/wp\/v2\/posts\/28671","targetHints":{"allow":["GET"]}}],"collection":[{"href":"https:\/\/lahora.mx\/index.php\/wp-json\/wp\/v2\/posts"}],"about":[{"href":"https:\/\/lahora.mx\/index.php\/wp-json\/wp\/v2\/types\/post"}],"author":[{"embeddable":true,"href":"https:\/\/lahora.mx\/index.php\/wp-json\/wp\/v2\/users\/4"}],"replies":[{"embeddable":true,"href":"https:\/\/lahora.mx\/index.php\/wp-json\/wp\/v2\/comments?post=28671"}],"version-history":[{"count":1,"href":"https:\/\/lahora.mx\/index.php\/wp-json\/wp\/v2\/posts\/28671\/revisions"}],"predecessor-version":[{"id":28673,"href":"https:\/\/lahora.mx\/index.php\/wp-json\/wp\/v2\/posts\/28671\/revisions\/28673"}],"wp:featuredmedia":[{"embeddable":true,"href":"https:\/\/lahora.mx\/index.php\/wp-json\/wp\/v2\/media\/28672"}],"wp:attachment":[{"href":"https:\/\/lahora.mx\/index.php\/wp-json\/wp\/v2\/media?parent=28671"}],"wp:term":[{"taxonomy":"category","embeddable":true,"href":"https:\/\/lahora.mx\/index.php\/wp-json\/wp\/v2\/categories?post=28671"},{"taxonomy":"post_tag","embeddable":true,"href":"https:\/\/lahora.mx\/index.php\/wp-json\/wp\/v2\/tags?post=28671"}],"curies":[{"name":"wp","href":"https:\/\/api.w.org\/{rel}","templated":true}]}}