{"id":28668,"date":"2023-06-26T17:04:38","date_gmt":"2023-06-26T17:04:38","guid":{"rendered":"http:\/\/lahora.mx\/?p=28668"},"modified":"2023-06-26T18:25:57","modified_gmt":"2023-06-26T18:25:57","slug":"sale-por-la-puerta-de-atras-teresa-castro-de-finanzas-y-entra-ardelio-vargas-a-la-segob","status":"publish","type":"post","link":"https:\/\/lahora.mx\/index.php\/2023\/06\/26\/sale-por-la-puerta-de-atras-teresa-castro-de-finanzas-y-entra-ardelio-vargas-a-la-segob\/","title":{"rendered":"Teresa Castro sale de Finanzas y entra Ardelio Vargas a la Segob"},"content":{"rendered":"\n<p>El gobernador Sergio Salom\u00f3n C\u00e9spedes confirm\u00f3 los cambios que se hicieron en su gabinete como son la salida de Teresa Castro en la Secretar\u00eda de Planeaci\u00f3n y Finanzas, as\u00ed como la llegada de Ardelio Vargas como subsecretario de Desarrollo Pol\u00edtico en Segob y la salida de Leonor Vargas del DIF.<\/p>\n\n\n\n<p>En rueda de prensa, el gobernador detall\u00f3 que Teresa Castro dej\u00f3 de ser secretaria de Planeaci\u00f3n y Finanzas, pues dijo que fue la propina exfuncionaria quien present\u00f3 su renuncia y su lugar ser\u00e1 tomado por Josefina Morales,<\/p>\n\n\n\n<p>Adem\u00e1s, anunci\u00f3 que V\u00edctor Correau Galeazzi dej\u00f3 de ser subsecretario de Desarrollo Pol\u00edtico en Segob y regresa a Ciudad Modelo, por lo que ese cargo lo tomar\u00e1 Ardelio Vargas.<\/p>\n\n\n\n<p>Finalmente, Leonor Vargas dej\u00f3 de ser la directora del Sistema Estatal DIF y su lugar aunque como encargada de despacho ser\u00e1 Francisco \u00c1lvarez, quien ya se encontraba trabajando en la dependencia.<\/p>\n","protected":false},"excerpt":{"rendered":"<p>El gobernador Sergio Salom\u00f3n C\u00e9spedes confirm\u00f3 los cambios que se hicieron en su gabinete como son la salida de Teresa Castro en la Secretar\u00eda de Planeaci\u00f3n y Finanzas, as\u00ed como la llegada de Ardelio Vargas como subsecretario de Desarrollo Pol\u00edtico en Segob y la salida de Leonor Vargas del DIF. En rueda de prensa, el [&hellip;]<\/p>\n","protected":false},"author":4,"featured_media":28669,"comment_status":"open","ping_status":"open","sticky":false,"template":"","format":"standard","meta":{"om_disable_all_campaigns":false,"_monsterinsights_skip_tracking":false,"_monsterinsights_sitenote_active":false,"_monsterinsights_sitenote_note":"","_monsterinsights_sitenote_category":0,"footnotes":""},"categories":[175,5],"tags":[128],"class_list":["post-28668","post","type-post","status-publish","format-standard","has-post-thumbnail","hentry","category-local","category-politica","tag-politics"],"amp_enabled":true,"_links":{"self":[{"href":"https:\/\/lahora.mx\/index.php\/wp-json\/wp\/v2\/posts\/28668","targetHints":{"allow":["GET"]}}],"collection":[{"href":"https:\/\/lahora.mx\/index.php\/wp-json\/wp\/v2\/posts"}],"about":[{"href":"https:\/\/lahora.mx\/index.php\/wp-json\/wp\/v2\/types\/post"}],"author":[{"embeddable":true,"href":"https:\/\/lahora.mx\/index.php\/wp-json\/wp\/v2\/users\/4"}],"replies":[{"embeddable":true,"href":"https:\/\/lahora.mx\/index.php\/wp-json\/wp\/v2\/comments?post=28668"}],"version-history":[{"count":2,"href":"https:\/\/lahora.mx\/index.php\/wp-json\/wp\/v2\/posts\/28668\/revisions"}],"predecessor-version":[{"id":28684,"href":"https:\/\/lahora.mx\/index.php\/wp-json\/wp\/v2\/posts\/28668\/revisions\/28684"}],"wp:featuredmedia":[{"embeddable":true,"href":"https:\/\/lahora.mx\/index.php\/wp-json\/wp\/v2\/media\/28669"}],"wp:attachment":[{"href":"https:\/\/lahora.mx\/index.php\/wp-json\/wp\/v2\/media?parent=28668"}],"wp:term":[{"taxonomy":"category","embeddable":true,"href":"https:\/\/lahora.mx\/index.php\/wp-json\/wp\/v2\/categories?post=28668"},{"taxonomy":"post_tag","embeddable":true,"href":"https:\/\/lahora.mx\/index.php\/wp-json\/wp\/v2\/tags?post=28668"}],"curies":[{"name":"wp","href":"https:\/\/api.w.org\/{rel}","templated":true}]}}