{"id":28600,"date":"2023-06-25T14:20:52","date_gmt":"2023-06-25T14:20:52","guid":{"rendered":"http:\/\/lahora.mx\/?p=28600"},"modified":"2023-06-25T14:20:52","modified_gmt":"2023-06-25T14:20:52","slug":"se-revelan-las-condiciones-del-kremlin-para-pactar-con-el-grupo-wagner","status":"publish","type":"post","link":"https:\/\/lahora.mx\/index.php\/2023\/06\/25\/se-revelan-las-condiciones-del-kremlin-para-pactar-con-el-grupo-wagner\/","title":{"rendered":"Se revelan las condiciones del Kremlin para pactar con el grupo Wagner"},"content":{"rendered":"\n<p>El acuerdo entre Mosc\u00fa y la compa\u00f1\u00eda militar privada Wagner que se logr\u00f3 este s\u00e1bado por mediaci\u00f3n del presidente bielorruso Alex\u00e1nder Lukashenko estipula el fin de las acciones judiciales contra el jefe y los miembros del grupo, ha revelado el Kremlin.<\/p>\n\n\n\n<p>As\u00ed, se cerrar\u00e1 la causa penal por sublevaci\u00f3n militar iniciada el viernes contra Yevgueni Prigozhin, jefe de Wagner, quien \u00abir\u00e1 a Bielorrusia\u00bb, se\u00f1al\u00f3 el portavoz del presidente ruso, Dmitri Peskov.<\/p>\n\n\n\n<p>\u00abSi se pregunta cu\u00e1l es exactamente la garant\u00eda de que Prigozhin podr\u00e1 marcharse a Bielorrusia, es la palabra del presidente de Rusia\u00bb, a\u00f1adi\u00f3.<\/p>\n\n\n\n<p>Tampoco se procesar\u00e1 a los miembros del grupo militar privado, teniendo en cuenta sus m\u00e9ritos en los frentes del conflicto ucraniano. El vocero afirm\u00f3 que el equipo del presidente Vlad\u00edmir Putin \u00absiempre ha respetado sus haza\u00f1as\u00bb.<\/p>\n\n\n\n<p>Parte de los combatientes que rechazaron participar en la marcha de Prigozhin firmar\u00e1n contratos con el Ministerio de Defensa.<\/p>\n\n\n\n<p>Mientras tanto, Putin y Lukashenko acordaron que el mandatario bielorruso continuar\u00e1 los esfuerzos de mediaci\u00f3n para resolver el conflicto con Wagner. \u00abY le agradecemos esta disposici\u00f3n\u00bb, afirm\u00f3 Peskov.<\/p>\n\n\n\n<p>En este sentido, resalt\u00f3 que los esfuerzos de Lukashenko cumplieron el \u00abobjetivo supremo de evitar el derramamiento de sangre y la confrontaci\u00f3n interna\u00bb.<\/p>\n\n\n\n<p>Al respecto, mencion\u00f3 que el presidente bielorruso particip\u00f3 en las negociaciones con el fundador de Wagner, ya que conoce personalmente a Prigozhin desde hace unos 20 a\u00f1os. \u00abFue una iniciativa personal suya\u00bb, precis\u00f3.<\/p>\n\n\n\n<p>Asimismo, el portavoz presidencial describi\u00f3 la jornada pasada como \u00abbastante dif\u00edcil\u00bb y \u00abllena de acontecimientos tr\u00e1gicos\u00bb, pero afirm\u00f3 que no tendr\u00eda ninguna repercusi\u00f3n en la operaci\u00f3n militar en Ucrania, la misma que continuar\u00e1.<\/p>\n\n\n\n<p>Acerca de la posibilidad de reajustes en el Ministerio de Defensa, que fue el objetivo declarado de la marcha de Wagner, Peskov subray\u00f3 que este asunto \u00abest\u00e1 en potestad del presidente ruso\u00bb y que es \u00abpoco probable\u00bb que se haya discutido durante los contactos para resolver la insurgencia. En este sentido, dijo desconocer cualquier cambio de confianza de Putin en el ministro de Defensa, Sergu\u00e9i Shoig\u00fa.<\/p>\n\n\n\n<p>El conflicto entre el Ministerio de Defensa de Rusia y el jefe del grupo Wagner, Yevgueni Prigozhin, se agrav\u00f3 la noche del viernes con un nuevo cruce de acusaciones, lo que desemboc\u00f3 en el reforzamiento de las medidas de seguridad en varias regiones rusas y en la apertura de un caso penal contra el l\u00edder de la compa\u00f1\u00eda militar privada.<br><br>El grupo Wagner asegur\u00f3 el s\u00e1bado haber ocupado el edificio Estado Mayor del Distrito Militar del Sur en la ciudad rusa de Rostov del Don e inform\u00f3 que se dirig\u00eda hacia Mosc\u00fa. Esa jornada, el gobernador de la provincia de L\u00edpetsk, \u00cdgor Artam\u00f3nov, tambi\u00e9n comunic\u00f3 que equipo militar del grupo Wagner circulaba por la regi\u00f3n.<br><br>El presidente de Rusia, Vlad\u00edmir Putin, calific\u00f3 las acciones de Prigozhin de un \u00abmot\u00edn militar\u00bb. \u00abNos enfrentamos a una traici\u00f3n, la ambici\u00f3n desorbitada llev\u00f3 a una traici\u00f3n contra Rusia\u00bb, anunci\u00f3.<br>A continuaci\u00f3n, el l\u00edder de la agrupaci\u00f3n dijo en un mensaje publicado en su canal de Telegram que acepta frenar el avance de sus fuerzas por territorio ruso y asegur\u00f3 que regresar\u00e1n a sus posiciones \u00abseg\u00fan lo planeado\u00bb. Las declaraciones de Prigozhin se produjeron momentos despu\u00e9s de que se diera a conocer que acept\u00f3 la propuesta del presidente de Bielorrusia, Alex\u00e1nder Luskahenko, de detener el movimiento de sus fuerzas en territorio ruso y tomar medidas para rebajar las tensiones.<\/p>\n","protected":false},"excerpt":{"rendered":"<p>El acuerdo entre Mosc\u00fa y la compa\u00f1\u00eda militar privada Wagner que se logr\u00f3 este s\u00e1bado por mediaci\u00f3n del presidente bielorruso Alex\u00e1nder Lukashenko estipula el fin de las acciones judiciales contra el jefe y los miembros del grupo, ha revelado el Kremlin. As\u00ed, se cerrar\u00e1 la causa penal por sublevaci\u00f3n militar iniciada el viernes contra Yevgueni [&hellip;]<\/p>\n","protected":false},"author":4,"featured_media":28601,"comment_status":"open","ping_status":"open","sticky":false,"template":"","format":"standard","meta":{"om_disable_all_campaigns":false,"_monsterinsights_skip_tracking":false,"_monsterinsights_sitenote_active":false,"_monsterinsights_sitenote_note":"","_monsterinsights_sitenote_category":0,"footnotes":""},"categories":[183],"tags":[],"class_list":["post-28600","post","type-post","status-publish","format-standard","has-post-thumbnail","hentry","category-internacional"],"amp_enabled":true,"_links":{"self":[{"href":"https:\/\/lahora.mx\/index.php\/wp-json\/wp\/v2\/posts\/28600","targetHints":{"allow":["GET"]}}],"collection":[{"href":"https:\/\/lahora.mx\/index.php\/wp-json\/wp\/v2\/posts"}],"about":[{"href":"https:\/\/lahora.mx\/index.php\/wp-json\/wp\/v2\/types\/post"}],"author":[{"embeddable":true,"href":"https:\/\/lahora.mx\/index.php\/wp-json\/wp\/v2\/users\/4"}],"replies":[{"embeddable":true,"href":"https:\/\/lahora.mx\/index.php\/wp-json\/wp\/v2\/comments?post=28600"}],"version-history":[{"count":1,"href":"https:\/\/lahora.mx\/index.php\/wp-json\/wp\/v2\/posts\/28600\/revisions"}],"predecessor-version":[{"id":28602,"href":"https:\/\/lahora.mx\/index.php\/wp-json\/wp\/v2\/posts\/28600\/revisions\/28602"}],"wp:featuredmedia":[{"embeddable":true,"href":"https:\/\/lahora.mx\/index.php\/wp-json\/wp\/v2\/media\/28601"}],"wp:attachment":[{"href":"https:\/\/lahora.mx\/index.php\/wp-json\/wp\/v2\/media?parent=28600"}],"wp:term":[{"taxonomy":"category","embeddable":true,"href":"https:\/\/lahora.mx\/index.php\/wp-json\/wp\/v2\/categories?post=28600"},{"taxonomy":"post_tag","embeddable":true,"href":"https:\/\/lahora.mx\/index.php\/wp-json\/wp\/v2\/tags?post=28600"}],"curies":[{"name":"wp","href":"https:\/\/api.w.org\/{rel}","templated":true}]}}